{"id":1974,"date":"2018-03-23T14:15:15","date_gmt":"2018-03-23T13:15:15","guid":{"rendered":"https:\/\/webweb.ltett.lu\/?p=1974"},"modified":"2021-01-14T14:54:13","modified_gmt":"2021-01-14T13:54:13","slug":"erasmus-projekt-greenecofriendlyhouse-treffen-in-dijon-tag-5","status":"publish","type":"post","link":"https:\/\/www.ltett.lu\/erasmus-projekt-greenecofriendlyhouse-treffen-in-dijon-tag-5\/","title":{"rendered":"Erasmus+ Projekt \u201cGreenEcoFriendlyHouse\u201d Treffen in Dijon Tag 5"},"content":{"rendered":"<p>Am Donnerstag den 22. M\u00e4rz trafen wir uns an der Rezeption um dann zur Schule Hippolyte Fontaine zu gehen.<\/p>\n<p>Am Morgen haben wir und die franz\u00f6sische Gruppe unsere Pr\u00e4sentation \u00fcber Recycling vorgef\u00fchrt.<\/p>\n<p>Anschlie\u00dfend haben wir unseren Film \u00fcber das Recyclingsystem in Luxemburg gezeigt den wir selbst gedreht haben. Die anderen Klassen waren sehr beeindruckt.<\/p>\n<p>&nbsp;<\/p>\n<p>Die deutsche und spanische Gruppe pr\u00e4sentieren am Freitag, da ihre Pr\u00e4sentationen noch nicht vollst\u00e4ndig war.<\/p>\n<p>Nach diesen Pr\u00e4sentationen bekamen wir die Aufgabe in den neuen Basegroups eine weitere Pr\u00e4sentation zu erstellen \u00fcber das Thema \u201cProduct Cycle of life\u201d.<\/p>\n<p><img fetchpriority=\"high\" decoding=\"async\" class=\"alignnone size-full wp-image-1976\" src=\"https:\/\/webweb.ltett.lu\/wp-content\/uploads\/2021\/01\/GreenHouse_Dijon-4-3.jpg\" alt=\"\" width=\"1024\" height=\"768\" srcset=\"https:\/\/www.ltett.lu\/wp-content\/uploads\/2021\/01\/GreenHouse_Dijon-4-3.jpg 1024w, https:\/\/www.ltett.lu\/wp-content\/uploads\/2021\/01\/GreenHouse_Dijon-4-3-300x225.jpg 300w, https:\/\/www.ltett.lu\/wp-content\/uploads\/2021\/01\/GreenHouse_Dijon-4-3-768x576.jpg 768w, https:\/\/www.ltett.lu\/wp-content\/uploads\/2021\/01\/GreenHouse_Dijon-4-3-830x623.jpg 830w, https:\/\/www.ltett.lu\/wp-content\/uploads\/2021\/01\/GreenHouse_Dijon-4-3-230x173.jpg 230w, https:\/\/www.ltett.lu\/wp-content\/uploads\/2021\/01\/GreenHouse_Dijon-4-3-350x263.jpg 350w, https:\/\/www.ltett.lu\/wp-content\/uploads\/2021\/01\/GreenHouse_Dijon-4-3-480x360.jpg 480w\" sizes=\"(max-width: 1024px) 100vw, 1024px\" \/><\/p>\n<p>Jede Gruppe konnte sich ein Produkt ausw\u00e4hlen. Dann recherchierten wir den Lebenszyklus dieses Produktes, sprich Herstellung, Verwendung, Recycling und Wiederverwertung.<\/p>\n<p><img decoding=\"async\" class=\"alignnone size-full wp-image-1977\" src=\"https:\/\/webweb.ltett.lu\/wp-content\/uploads\/2021\/01\/GreenHouse_Dijon-3-3.jpg\" alt=\"\" width=\"1024\" height=\"768\" srcset=\"https:\/\/www.ltett.lu\/wp-content\/uploads\/2021\/01\/GreenHouse_Dijon-3-3.jpg 1024w, https:\/\/www.ltett.lu\/wp-content\/uploads\/2021\/01\/GreenHouse_Dijon-3-3-300x225.jpg 300w, https:\/\/www.ltett.lu\/wp-content\/uploads\/2021\/01\/GreenHouse_Dijon-3-3-768x576.jpg 768w, https:\/\/www.ltett.lu\/wp-content\/uploads\/2021\/01\/GreenHouse_Dijon-3-3-830x623.jpg 830w, https:\/\/www.ltett.lu\/wp-content\/uploads\/2021\/01\/GreenHouse_Dijon-3-3-230x173.jpg 230w, https:\/\/www.ltett.lu\/wp-content\/uploads\/2021\/01\/GreenHouse_Dijon-3-3-350x263.jpg 350w, https:\/\/www.ltett.lu\/wp-content\/uploads\/2021\/01\/GreenHouse_Dijon-3-3-480x360.jpg 480w\" sizes=\"(max-width: 1024px) 100vw, 1024px\" \/><\/p>\n<p>Die 4 ausgew\u00e4hlten Themen waren:<\/p>\n<p>-Holz<\/p>\n<p>-Kompost<\/p>\n<p>-Plastik<\/p>\n<p>-Pflanzen(Biogas)<\/p>\n<p><img decoding=\"async\" class=\"alignnone size-full wp-image-1979\" src=\"https:\/\/webweb.ltett.lu\/wp-content\/uploads\/2021\/01\/GreenHouse_Dijon-2-3.jpg\" alt=\"\" width=\"1024\" height=\"768\" srcset=\"https:\/\/www.ltett.lu\/wp-content\/uploads\/2021\/01\/GreenHouse_Dijon-2-3.jpg 1024w, https:\/\/www.ltett.lu\/wp-content\/uploads\/2021\/01\/GreenHouse_Dijon-2-3-300x225.jpg 300w, https:\/\/www.ltett.lu\/wp-content\/uploads\/2021\/01\/GreenHouse_Dijon-2-3-768x576.jpg 768w, https:\/\/www.ltett.lu\/wp-content\/uploads\/2021\/01\/GreenHouse_Dijon-2-3-830x623.jpg 830w, https:\/\/www.ltett.lu\/wp-content\/uploads\/2021\/01\/GreenHouse_Dijon-2-3-230x173.jpg 230w, https:\/\/www.ltett.lu\/wp-content\/uploads\/2021\/01\/GreenHouse_Dijon-2-3-350x263.jpg 350w, https:\/\/www.ltett.lu\/wp-content\/uploads\/2021\/01\/GreenHouse_Dijon-2-3-480x360.jpg 480w\" sizes=\"(max-width: 1024px) 100vw, 1024px\" \/><\/p>\n<p>Mittagspause hatten wir von 12:30 bis 14:00 Uhr.<\/p>\n<p><img loading=\"lazy\" decoding=\"async\" class=\"alignnone size-full wp-image-1980\" src=\"https:\/\/webweb.ltett.lu\/wp-content\/uploads\/2021\/01\/GreenHouse_Dijon-1-3.jpg\" alt=\"\" width=\"1024\" height=\"768\" srcset=\"https:\/\/www.ltett.lu\/wp-content\/uploads\/2021\/01\/GreenHouse_Dijon-1-3.jpg 1024w, https:\/\/www.ltett.lu\/wp-content\/uploads\/2021\/01\/GreenHouse_Dijon-1-3-300x225.jpg 300w, https:\/\/www.ltett.lu\/wp-content\/uploads\/2021\/01\/GreenHouse_Dijon-1-3-768x576.jpg 768w, https:\/\/www.ltett.lu\/wp-content\/uploads\/2021\/01\/GreenHouse_Dijon-1-3-830x623.jpg 830w, https:\/\/www.ltett.lu\/wp-content\/uploads\/2021\/01\/GreenHouse_Dijon-1-3-230x173.jpg 230w, https:\/\/www.ltett.lu\/wp-content\/uploads\/2021\/01\/GreenHouse_Dijon-1-3-350x263.jpg 350w, https:\/\/www.ltett.lu\/wp-content\/uploads\/2021\/01\/GreenHouse_Dijon-1-3-480x360.jpg 480w\" sizes=\"(max-width: 1024px) 100vw, 1024px\" \/><\/p>\n<p>Nachmittags pr\u00e4sentierten wir dann das was wir morgens \u00fcber den Lebenszyklus der 4 Produkte erarbeitet hatten. Sp\u00e4ter arbeiteten wir in unseren Taskgroups, d.h. Twinspace, Kommunikation, Video und Blog.<\/p>\n<p>Die Kommunikationsgruppe hat Termine festgelegt um \u00fcber Skype zu kommunizieren. DieTwinspacegruppe hat Fotos auf ihre Seite hochgeladen.<\/p>\n<p>Die Webbloggruppe hat Berichte geschrieben \u00fcber das was wir in dieser Woche erlebt haben und die Videogruppe hat Videos auf Youtube hochgeladen.<\/p>\n<p>F\u00fcr 16:00 war eine Rally durch Dijon geplant, doch dieser wurde abgesagt wegen Regen.<\/p>\n<p>Dany, T2EE<\/p>\n<p>&nbsp;<\/p>\n","protected":false},"excerpt":{"rendered":"<p>Am Donnerstag den 22. M\u00e4rz trafen wir uns an der Rezeption um dann zur Schule Hippolyte Fontaine zu gehen. Am Morgen haben wir und die franz\u00f6sische Gruppe unsere Pr\u00e4sentation \u00fcber Recycling vorgef\u00fchrt. Anschlie\u00dfend haben wir unseren Film \u00fcber das Recyclingsystem in Luxemburg gezeigt den wir selbst gedreht haben. Die anderen [&hellip;]<\/p>\n","protected":false},"author":1,"featured_media":1975,"comment_status":"closed","ping_status":"open","sticky":false,"template":"","format":"standard","meta":{"_jetpack_memberships_contains_paid_content":false,"footnotes":""},"categories":[33,6,26,28],"tags":[],"class_list":["post-1974","post","type-post","status-publish","format-standard","has-post-thumbnail","hentry","category-green-eco-friendly-house","category-news","category-projets","category-projets-europeens"],"jetpack_featured_media_url":"https:\/\/www.ltett.lu\/wp-content\/uploads\/2021\/01\/GreenHouse_Dijon-2-1-1.jpg","jetpack_sharing_enabled":true,"_links":{"self":[{"href":"https:\/\/www.ltett.lu\/wp-json\/wp\/v2\/posts\/1974","targetHints":{"allow":["GET"]}}],"collection":[{"href":"https:\/\/www.ltett.lu\/wp-json\/wp\/v2\/posts"}],"about":[{"href":"https:\/\/www.ltett.lu\/wp-json\/wp\/v2\/types\/post"}],"author":[{"embeddable":true,"href":"https:\/\/www.ltett.lu\/wp-json\/wp\/v2\/users\/1"}],"replies":[{"embeddable":true,"href":"https:\/\/www.ltett.lu\/wp-json\/wp\/v2\/comments?post=1974"}],"version-history":[{"count":1,"href":"https:\/\/www.ltett.lu\/wp-json\/wp\/v2\/posts\/1974\/revisions"}],"predecessor-version":[{"id":1981,"href":"https:\/\/www.ltett.lu\/wp-json\/wp\/v2\/posts\/1974\/revisions\/1981"}],"wp:featuredmedia":[{"embeddable":true,"href":"https:\/\/www.ltett.lu\/wp-json\/wp\/v2\/media\/1975"}],"wp:attachment":[{"href":"https:\/\/www.ltett.lu\/wp-json\/wp\/v2\/media?parent=1974"}],"wp:term":[{"taxonomy":"category","embeddable":true,"href":"https:\/\/www.ltett.lu\/wp-json\/wp\/v2\/categories?post=1974"},{"taxonomy":"post_tag","embeddable":true,"href":"https:\/\/www.ltett.lu\/wp-json\/wp\/v2\/tags?post=1974"}],"curies":[{"name":"wp","href":"https:\/\/api.w.org\/{rel}","templated":true}]}}