{"id":2002,"date":"2018-03-22T14:40:22","date_gmt":"2018-03-22T13:40:22","guid":{"rendered":"https:\/\/webweb.ltett.lu\/?p=2002"},"modified":"2021-01-14T14:54:34","modified_gmt":"2021-01-14T13:54:34","slug":"erasmus-projekt-greenecofriendlyhouse-treffen-in-dijon-tag-2","status":"publish","type":"post","link":"https:\/\/www.ltett.lu\/erasmus-projekt-greenecofriendlyhouse-treffen-in-dijon-tag-2\/","title":{"rendered":"Erasmus+ Projekt \u201cGreenEcoFriendlyHouse\u201d Treffen in Dijon Tag 2"},"content":{"rendered":"<p>Am Montag den 19. M\u00e4rz 2018 sind wir um 9:00 Uhr im Lyc\u00e9e Hippolyte Fontaine angekommen und bereiteten uns anschlie\u00dfend auf unsere Pr\u00e4sentation \u00fcber unser Projekt vor. Die Direktion des Lyc\u00e9e Hippolyte Fontaine hie\u00df uns willkommen.<\/p>\n<p>Danach haben wir uns den Plan der Woche angesehen. Als wir damit fertig waren haben wir die Schule besichtigt und einen Einblick in die verschiedenen Abteilungen der Schule bekommen. Die franz\u00f6sische Gruppe hat als Erste ihre Pr\u00e4sentation vorgestellt und erkl\u00e4rt was sie die letzten Wochen f\u00fcr das Projekt gearbeitet hat. Sie haben uns gezeigt wie Plastik mit Maschinen geschreddert wird.<\/p>\n<p><img fetchpriority=\"high\" decoding=\"async\" class=\"alignnone size-full wp-image-2004\" src=\"https:\/\/webweb.ltett.lu\/wp-content\/uploads\/2021\/01\/GreenHouse_Dijon-6.jpg\" alt=\"\" width=\"1024\" height=\"768\" srcset=\"https:\/\/www.ltett.lu\/wp-content\/uploads\/2021\/01\/GreenHouse_Dijon-6.jpg 1024w, https:\/\/www.ltett.lu\/wp-content\/uploads\/2021\/01\/GreenHouse_Dijon-6-300x225.jpg 300w, https:\/\/www.ltett.lu\/wp-content\/uploads\/2021\/01\/GreenHouse_Dijon-6-768x576.jpg 768w, https:\/\/www.ltett.lu\/wp-content\/uploads\/2021\/01\/GreenHouse_Dijon-6-830x623.jpg 830w, https:\/\/www.ltett.lu\/wp-content\/uploads\/2021\/01\/GreenHouse_Dijon-6-230x173.jpg 230w, https:\/\/www.ltett.lu\/wp-content\/uploads\/2021\/01\/GreenHouse_Dijon-6-350x263.jpg 350w, https:\/\/www.ltett.lu\/wp-content\/uploads\/2021\/01\/GreenHouse_Dijon-6-480x360.jpg 480w\" sizes=\"(max-width: 1024px) 100vw, 1024px\" \/><\/p>\n<p>Als sie fertig waren war 13:00 Uhr und es war Mittagspause. Nach der Mittagspause haben die deutsche, luxemburgische und spanische Gruppe noch pr\u00e4sentiert.<\/p>\n<p><img decoding=\"async\" class=\"alignnone size-full wp-image-2005\" src=\"https:\/\/webweb.ltett.lu\/wp-content\/uploads\/2021\/01\/GreenHouse_Dijon-8.jpg\" alt=\"\" width=\"1024\" height=\"768\" srcset=\"https:\/\/www.ltett.lu\/wp-content\/uploads\/2021\/01\/GreenHouse_Dijon-8.jpg 1024w, https:\/\/www.ltett.lu\/wp-content\/uploads\/2021\/01\/GreenHouse_Dijon-8-300x225.jpg 300w, https:\/\/www.ltett.lu\/wp-content\/uploads\/2021\/01\/GreenHouse_Dijon-8-768x576.jpg 768w, https:\/\/www.ltett.lu\/wp-content\/uploads\/2021\/01\/GreenHouse_Dijon-8-830x623.jpg 830w, https:\/\/www.ltett.lu\/wp-content\/uploads\/2021\/01\/GreenHouse_Dijon-8-230x173.jpg 230w, https:\/\/www.ltett.lu\/wp-content\/uploads\/2021\/01\/GreenHouse_Dijon-8-350x263.jpg 350w, https:\/\/www.ltett.lu\/wp-content\/uploads\/2021\/01\/GreenHouse_Dijon-8-480x360.jpg 480w\" sizes=\"(max-width: 1024px) 100vw, 1024px\" \/><\/p>\n<p>Die deutsche Gruppe hat von ihrer Biogasanlage erz\u00e4hlt und uns einen kleinen Einblick in die Funktion und den Einsatz einer Brennstoffzelle gegeben. Die luxemburgische Gruppe zeigte ihre praktischen Arbeiten der letzten Monate: Schaltungen zur Temperaturmessung, zur Luft- und Bodenfeuchtigkeitsmessung. Desweiteren wurde der Stand des Aufbaus eines Modellgew\u00e4chshauses und der Stand der Regenauffanganlage zur automatischen Bew\u00e4sserung des Gew\u00e4chshauses geszeigt. Die spanische Gruppe hatte einen Informationsstand aufgebaut wo sie den Leuten auf der Stra\u00dfe erkl\u00e4rt haben was das Erasmus+ Projekt ist. Um 15:00 sind alle Gruppen dann zum Chemie Labor gegangen. Eine franz\u00f6sische Klasse hat uns dann vorgestellt wie sie PET-Flaschen recyceln und was sie tun um sie wieder in ihre Grundbestandteile zu zerlegen.<\/p>\n<p>Admir T2EE<\/p>\n","protected":false},"excerpt":{"rendered":"<p>Am Montag den 19. M\u00e4rz 2018 sind wir um 9:00 Uhr im Lyc\u00e9e Hippolyte Fontaine angekommen und bereiteten uns anschlie\u00dfend auf unsere Pr\u00e4sentation \u00fcber unser Projekt vor. Die Direktion des Lyc\u00e9e Hippolyte Fontaine hie\u00df uns willkommen. Danach haben wir uns den Plan der Woche angesehen. Als wir damit fertig waren [&hellip;]<\/p>\n","protected":false},"author":1,"featured_media":2003,"comment_status":"closed","ping_status":"open","sticky":false,"template":"","format":"standard","meta":{"_jetpack_memberships_contains_paid_content":false,"footnotes":""},"categories":[33,6,28],"tags":[],"class_list":["post-2002","post","type-post","status-publish","format-standard","has-post-thumbnail","hentry","category-green-eco-friendly-house","category-news","category-projets-europeens"],"jetpack_featured_media_url":"https:\/\/www.ltett.lu\/wp-content\/uploads\/2021\/01\/GreenHouse_Dijon-2.jpg","jetpack_sharing_enabled":true,"_links":{"self":[{"href":"https:\/\/www.ltett.lu\/wp-json\/wp\/v2\/posts\/2002","targetHints":{"allow":["GET"]}}],"collection":[{"href":"https:\/\/www.ltett.lu\/wp-json\/wp\/v2\/posts"}],"about":[{"href":"https:\/\/www.ltett.lu\/wp-json\/wp\/v2\/types\/post"}],"author":[{"embeddable":true,"href":"https:\/\/www.ltett.lu\/wp-json\/wp\/v2\/users\/1"}],"replies":[{"embeddable":true,"href":"https:\/\/www.ltett.lu\/wp-json\/wp\/v2\/comments?post=2002"}],"version-history":[{"count":1,"href":"https:\/\/www.ltett.lu\/wp-json\/wp\/v2\/posts\/2002\/revisions"}],"predecessor-version":[{"id":2006,"href":"https:\/\/www.ltett.lu\/wp-json\/wp\/v2\/posts\/2002\/revisions\/2006"}],"wp:featuredmedia":[{"embeddable":true,"href":"https:\/\/www.ltett.lu\/wp-json\/wp\/v2\/media\/2003"}],"wp:attachment":[{"href":"https:\/\/www.ltett.lu\/wp-json\/wp\/v2\/media?parent=2002"}],"wp:term":[{"taxonomy":"category","embeddable":true,"href":"https:\/\/www.ltett.lu\/wp-json\/wp\/v2\/categories?post=2002"},{"taxonomy":"post_tag","embeddable":true,"href":"https:\/\/www.ltett.lu\/wp-json\/wp\/v2\/tags?post=2002"}],"curies":[{"name":"wp","href":"https:\/\/api.w.org\/{rel}","templated":true}]}}