{"id":2039,"date":"2017-10-18T15:43:07","date_gmt":"2017-10-18T13:43:07","guid":{"rendered":"https:\/\/webweb.ltett.lu\/?p=2039"},"modified":"2021-01-14T15:54:02","modified_gmt":"2021-01-14T14:54:02","slug":"2039","status":"publish","type":"post","link":"https:\/\/www.ltett.lu\/2039\/","title":{"rendered":""},"content":{"rendered":"<p>Am dritten Tag haben wir unsere Pr\u00e4sentationen vorgetragen. Wir haben die Sch\u00fcler der am Erasmus+ Projekt beteiligten Sch\u00fcler aus Almeria, Sindelfingen und Dijon kennengelernt.<\/p>\n<p><img fetchpriority=\"high\" decoding=\"async\" class=\"alignnone size-large wp-image-2041\" src=\"https:\/\/webweb.ltett.lu\/wp-content\/uploads\/2021\/01\/greenHouse-3-1-1024x768.jpg\" alt=\"\" width=\"1024\" height=\"768\" srcset=\"https:\/\/www.ltett.lu\/wp-content\/uploads\/2021\/01\/greenHouse-3-1-1024x768.jpg 1024w, https:\/\/www.ltett.lu\/wp-content\/uploads\/2021\/01\/greenHouse-3-1-300x225.jpg 300w, https:\/\/www.ltett.lu\/wp-content\/uploads\/2021\/01\/greenHouse-3-1-768x576.jpg 768w, https:\/\/www.ltett.lu\/wp-content\/uploads\/2021\/01\/greenHouse-3-1-1536x1152.jpg 1536w, https:\/\/www.ltett.lu\/wp-content\/uploads\/2021\/01\/greenHouse-3-1-2048x1536.jpg 2048w, https:\/\/www.ltett.lu\/wp-content\/uploads\/2021\/01\/greenHouse-3-1-830x623.jpg 830w, https:\/\/www.ltett.lu\/wp-content\/uploads\/2021\/01\/greenHouse-3-1-230x173.jpg 230w, https:\/\/www.ltett.lu\/wp-content\/uploads\/2021\/01\/greenHouse-3-1-350x263.jpg 350w, https:\/\/www.ltett.lu\/wp-content\/uploads\/2021\/01\/greenHouse-3-1-480x360.jpg 480w\" sizes=\"(max-width: 1024px) 100vw, 1024px\" \/><\/p>\n<p><img decoding=\"async\" class=\"alignnone size-large wp-image-2042\" src=\"https:\/\/webweb.ltett.lu\/wp-content\/uploads\/2021\/01\/greenHouse-4-1024x768.jpg\" alt=\"\" width=\"1024\" height=\"768\" srcset=\"https:\/\/www.ltett.lu\/wp-content\/uploads\/2021\/01\/greenHouse-4-1024x768.jpg 1024w, https:\/\/www.ltett.lu\/wp-content\/uploads\/2021\/01\/greenHouse-4-300x225.jpg 300w, https:\/\/www.ltett.lu\/wp-content\/uploads\/2021\/01\/greenHouse-4-768x576.jpg 768w, https:\/\/www.ltett.lu\/wp-content\/uploads\/2021\/01\/greenHouse-4-1536x1152.jpg 1536w, https:\/\/www.ltett.lu\/wp-content\/uploads\/2021\/01\/greenHouse-4-2048x1536.jpg 2048w, https:\/\/www.ltett.lu\/wp-content\/uploads\/2021\/01\/greenHouse-4-830x623.jpg 830w, https:\/\/www.ltett.lu\/wp-content\/uploads\/2021\/01\/greenHouse-4-230x173.jpg 230w, https:\/\/www.ltett.lu\/wp-content\/uploads\/2021\/01\/greenHouse-4-350x263.jpg 350w, https:\/\/www.ltett.lu\/wp-content\/uploads\/2021\/01\/greenHouse-4-480x360.jpg 480w\" sizes=\"(max-width: 1024px) 100vw, 1024px\" \/><\/p>\n<p>Anschliessend haben wir die Schule anhand eines Spiels kennen gelernt, dies in gemischten Gruppen. Nach dem Spiel sind wir als Gruppe essen gegangen.<\/p>\n<p><img decoding=\"async\" class=\"alignnone size-full wp-image-2043\" src=\"https:\/\/webweb.ltett.lu\/wp-content\/uploads\/2021\/01\/greenHouse-5.jpg\" alt=\"\" width=\"720\" height=\"960\" srcset=\"https:\/\/www.ltett.lu\/wp-content\/uploads\/2021\/01\/greenHouse-5.jpg 720w, https:\/\/www.ltett.lu\/wp-content\/uploads\/2021\/01\/greenHouse-5-225x300.jpg 225w, https:\/\/www.ltett.lu\/wp-content\/uploads\/2021\/01\/greenHouse-5-230x307.jpg 230w, https:\/\/www.ltett.lu\/wp-content\/uploads\/2021\/01\/greenHouse-5-350x467.jpg 350w, https:\/\/www.ltett.lu\/wp-content\/uploads\/2021\/01\/greenHouse-5-480x640.jpg 480w\" sizes=\"(max-width: 720px) 100vw, 720px\" \/><\/p>\n<p>Anschlie\u00dfend fuhren wir nach Estac\u00edon Expermintal Palmerillas. Dort haben wir \u201cgreenhouses\u201d besichtigt.<\/p>\n<p><img loading=\"lazy\" decoding=\"async\" class=\"alignnone size-large wp-image-2044\" src=\"https:\/\/webweb.ltett.lu\/wp-content\/uploads\/2021\/01\/greenHouse-11-768x1024.jpg\" alt=\"\" width=\"768\" height=\"1024\" srcset=\"https:\/\/www.ltett.lu\/wp-content\/uploads\/2021\/01\/greenHouse-11-768x1024.jpg 768w, https:\/\/www.ltett.lu\/wp-content\/uploads\/2021\/01\/greenHouse-11-225x300.jpg 225w, https:\/\/www.ltett.lu\/wp-content\/uploads\/2021\/01\/greenHouse-11-1152x1536.jpg 1152w, https:\/\/www.ltett.lu\/wp-content\/uploads\/2021\/01\/greenHouse-11-1536x2048.jpg 1536w, https:\/\/www.ltett.lu\/wp-content\/uploads\/2021\/01\/greenHouse-11-830x1107.jpg 830w, https:\/\/www.ltett.lu\/wp-content\/uploads\/2021\/01\/greenHouse-11-230x307.jpg 230w, https:\/\/www.ltett.lu\/wp-content\/uploads\/2021\/01\/greenHouse-11-350x467.jpg 350w, https:\/\/www.ltett.lu\/wp-content\/uploads\/2021\/01\/greenHouse-11-480x640.jpg 480w, https:\/\/www.ltett.lu\/wp-content\/uploads\/2021\/01\/greenHouse-11-scaled.jpg 1920w\" sizes=\"(max-width: 768px) 100vw, 768px\" \/><\/p>\n<p><img loading=\"lazy\" decoding=\"async\" class=\"alignnone size-large wp-image-2045\" src=\"https:\/\/webweb.ltett.lu\/wp-content\/uploads\/2021\/01\/greenHouse-6-1024x768.jpg\" alt=\"\" width=\"1024\" height=\"768\" srcset=\"https:\/\/www.ltett.lu\/wp-content\/uploads\/2021\/01\/greenHouse-6-1024x768.jpg 1024w, https:\/\/www.ltett.lu\/wp-content\/uploads\/2021\/01\/greenHouse-6-300x225.jpg 300w, https:\/\/www.ltett.lu\/wp-content\/uploads\/2021\/01\/greenHouse-6-768x576.jpg 768w, https:\/\/www.ltett.lu\/wp-content\/uploads\/2021\/01\/greenHouse-6-1536x1152.jpg 1536w, https:\/\/www.ltett.lu\/wp-content\/uploads\/2021\/01\/greenHouse-6-2048x1536.jpg 2048w, https:\/\/www.ltett.lu\/wp-content\/uploads\/2021\/01\/greenHouse-6-830x623.jpg 830w, https:\/\/www.ltett.lu\/wp-content\/uploads\/2021\/01\/greenHouse-6-230x173.jpg 230w, https:\/\/www.ltett.lu\/wp-content\/uploads\/2021\/01\/greenHouse-6-350x263.jpg 350w, https:\/\/www.ltett.lu\/wp-content\/uploads\/2021\/01\/greenHouse-6-480x360.jpg 480w\" sizes=\"(max-width: 1024px) 100vw, 1024px\" \/> <img loading=\"lazy\" decoding=\"async\" class=\"alignnone size-large wp-image-2046\" src=\"https:\/\/webweb.ltett.lu\/wp-content\/uploads\/2021\/01\/greenHouse-9-1024x768.jpg\" alt=\"\" width=\"1024\" height=\"768\" srcset=\"https:\/\/www.ltett.lu\/wp-content\/uploads\/2021\/01\/greenHouse-9-1024x768.jpg 1024w, https:\/\/www.ltett.lu\/wp-content\/uploads\/2021\/01\/greenHouse-9-300x225.jpg 300w, https:\/\/www.ltett.lu\/wp-content\/uploads\/2021\/01\/greenHouse-9-768x576.jpg 768w, https:\/\/www.ltett.lu\/wp-content\/uploads\/2021\/01\/greenHouse-9-1536x1152.jpg 1536w, https:\/\/www.ltett.lu\/wp-content\/uploads\/2021\/01\/greenHouse-9-2048x1536.jpg 2048w, https:\/\/www.ltett.lu\/wp-content\/uploads\/2021\/01\/greenHouse-9-830x623.jpg 830w, https:\/\/www.ltett.lu\/wp-content\/uploads\/2021\/01\/greenHouse-9-230x173.jpg 230w, https:\/\/www.ltett.lu\/wp-content\/uploads\/2021\/01\/greenHouse-9-350x263.jpg 350w, https:\/\/www.ltett.lu\/wp-content\/uploads\/2021\/01\/greenHouse-9-480x360.jpg 480w\" sizes=\"(max-width: 1024px) 100vw, 1024px\" \/><\/p>\n<p>Nach diesem Besuch ging es zur Firma CLISOL (www.clisol.com). Diese Firma war eine der ersten die mit biologischen \u201cPestiziden\u201d gearbeitet hat. Diese biologischen Pestiziden sind Insekten die sich von anderen Insekten ern\u00e4hren und so die Pflanzen besch\u00fctzen.<\/p>\n<p><img loading=\"lazy\" decoding=\"async\" class=\"alignnone size-large wp-image-2047\" src=\"https:\/\/webweb.ltett.lu\/wp-content\/uploads\/2021\/01\/greenHouse-12-1024x768.jpg\" alt=\"\" width=\"1024\" height=\"768\" srcset=\"https:\/\/www.ltett.lu\/wp-content\/uploads\/2021\/01\/greenHouse-12-1024x768.jpg 1024w, https:\/\/www.ltett.lu\/wp-content\/uploads\/2021\/01\/greenHouse-12-300x225.jpg 300w, https:\/\/www.ltett.lu\/wp-content\/uploads\/2021\/01\/greenHouse-12-768x576.jpg 768w, https:\/\/www.ltett.lu\/wp-content\/uploads\/2021\/01\/greenHouse-12-1536x1152.jpg 1536w, https:\/\/www.ltett.lu\/wp-content\/uploads\/2021\/01\/greenHouse-12-2048x1536.jpg 2048w, https:\/\/www.ltett.lu\/wp-content\/uploads\/2021\/01\/greenHouse-12-830x623.jpg 830w, https:\/\/www.ltett.lu\/wp-content\/uploads\/2021\/01\/greenHouse-12-230x173.jpg 230w, https:\/\/www.ltett.lu\/wp-content\/uploads\/2021\/01\/greenHouse-12-350x263.jpg 350w, https:\/\/www.ltett.lu\/wp-content\/uploads\/2021\/01\/greenHouse-12-480x360.jpg 480w\" sizes=\"(max-width: 1024px) 100vw, 1024px\" \/> <img loading=\"lazy\" decoding=\"async\" class=\"alignnone size-large wp-image-2048\" src=\"https:\/\/webweb.ltett.lu\/wp-content\/uploads\/2021\/01\/greenHouse-15-1024x768.jpg\" alt=\"\" width=\"1024\" height=\"768\" srcset=\"https:\/\/www.ltett.lu\/wp-content\/uploads\/2021\/01\/greenHouse-15-1024x768.jpg 1024w, https:\/\/www.ltett.lu\/wp-content\/uploads\/2021\/01\/greenHouse-15-300x225.jpg 300w, https:\/\/www.ltett.lu\/wp-content\/uploads\/2021\/01\/greenHouse-15-768x576.jpg 768w, https:\/\/www.ltett.lu\/wp-content\/uploads\/2021\/01\/greenHouse-15-1536x1152.jpg 1536w, https:\/\/www.ltett.lu\/wp-content\/uploads\/2021\/01\/greenHouse-15-2048x1536.jpg 2048w, https:\/\/www.ltett.lu\/wp-content\/uploads\/2021\/01\/greenHouse-15-830x623.jpg 830w, https:\/\/www.ltett.lu\/wp-content\/uploads\/2021\/01\/greenHouse-15-230x173.jpg 230w, https:\/\/www.ltett.lu\/wp-content\/uploads\/2021\/01\/greenHouse-15-350x263.jpg 350w, https:\/\/www.ltett.lu\/wp-content\/uploads\/2021\/01\/greenHouse-15-480x360.jpg 480w\" sizes=\"(max-width: 1024px) 100vw, 1024px\" \/><\/p>\n<p>Nach der Besichtigung von Estac\u00edon Expermintal Palmerillas und CLISOL gingen wir zur\u00fcck in die Jugendherberge. T2EE, Marcelo, Jo\u00ebl, Admir, C\u00e9dric an Chris!?<\/p>\n<p><img loading=\"lazy\" decoding=\"async\" class=\"alignnone size-large wp-image-2049\" src=\"https:\/\/webweb.ltett.lu\/wp-content\/uploads\/2021\/01\/greenHouse-13-1024x768.jpg\" alt=\"\" width=\"1024\" height=\"768\" srcset=\"https:\/\/www.ltett.lu\/wp-content\/uploads\/2021\/01\/greenHouse-13-1024x768.jpg 1024w, https:\/\/www.ltett.lu\/wp-content\/uploads\/2021\/01\/greenHouse-13-300x225.jpg 300w, https:\/\/www.ltett.lu\/wp-content\/uploads\/2021\/01\/greenHouse-13-768x576.jpg 768w, https:\/\/www.ltett.lu\/wp-content\/uploads\/2021\/01\/greenHouse-13-1536x1152.jpg 1536w, https:\/\/www.ltett.lu\/wp-content\/uploads\/2021\/01\/greenHouse-13-2048x1536.jpg 2048w, https:\/\/www.ltett.lu\/wp-content\/uploads\/2021\/01\/greenHouse-13-830x623.jpg 830w, https:\/\/www.ltett.lu\/wp-content\/uploads\/2021\/01\/greenHouse-13-230x173.jpg 230w, https:\/\/www.ltett.lu\/wp-content\/uploads\/2021\/01\/greenHouse-13-350x263.jpg 350w, https:\/\/www.ltett.lu\/wp-content\/uploads\/2021\/01\/greenHouse-13-480x360.jpg 480w\" sizes=\"(max-width: 1024px) 100vw, 1024px\" \/> <img loading=\"lazy\" decoding=\"async\" class=\"alignnone size-large wp-image-2050\" src=\"https:\/\/webweb.ltett.lu\/wp-content\/uploads\/2021\/01\/greenHouse-16-768x1024.jpg\" alt=\"\" width=\"768\" height=\"1024\" srcset=\"https:\/\/www.ltett.lu\/wp-content\/uploads\/2021\/01\/greenHouse-16-768x1024.jpg 768w, https:\/\/www.ltett.lu\/wp-content\/uploads\/2021\/01\/greenHouse-16-225x300.jpg 225w, https:\/\/www.ltett.lu\/wp-content\/uploads\/2021\/01\/greenHouse-16-1152x1536.jpg 1152w, https:\/\/www.ltett.lu\/wp-content\/uploads\/2021\/01\/greenHouse-16-1536x2048.jpg 1536w, https:\/\/www.ltett.lu\/wp-content\/uploads\/2021\/01\/greenHouse-16-830x1107.jpg 830w, https:\/\/www.ltett.lu\/wp-content\/uploads\/2021\/01\/greenHouse-16-230x307.jpg 230w, https:\/\/www.ltett.lu\/wp-content\/uploads\/2021\/01\/greenHouse-16-350x467.jpg 350w, https:\/\/www.ltett.lu\/wp-content\/uploads\/2021\/01\/greenHouse-16-480x640.jpg 480w, https:\/\/www.ltett.lu\/wp-content\/uploads\/2021\/01\/greenHouse-16-scaled.jpg 1920w\" sizes=\"(max-width: 768px) 100vw, 768px\" \/> <img loading=\"lazy\" decoding=\"async\" class=\"alignnone size-large wp-image-2051\" src=\"https:\/\/webweb.ltett.lu\/wp-content\/uploads\/2021\/01\/greenHouse-17-1024x768.jpg\" alt=\"\" width=\"1024\" height=\"768\" srcset=\"https:\/\/www.ltett.lu\/wp-content\/uploads\/2021\/01\/greenHouse-17-1024x768.jpg 1024w, https:\/\/www.ltett.lu\/wp-content\/uploads\/2021\/01\/greenHouse-17-300x225.jpg 300w, https:\/\/www.ltett.lu\/wp-content\/uploads\/2021\/01\/greenHouse-17-768x576.jpg 768w, https:\/\/www.ltett.lu\/wp-content\/uploads\/2021\/01\/greenHouse-17-1536x1152.jpg 1536w, https:\/\/www.ltett.lu\/wp-content\/uploads\/2021\/01\/greenHouse-17-2048x1536.jpg 2048w, https:\/\/www.ltett.lu\/wp-content\/uploads\/2021\/01\/greenHouse-17-830x623.jpg 830w, https:\/\/www.ltett.lu\/wp-content\/uploads\/2021\/01\/greenHouse-17-230x173.jpg 230w, https:\/\/www.ltett.lu\/wp-content\/uploads\/2021\/01\/greenHouse-17-350x263.jpg 350w, https:\/\/www.ltett.lu\/wp-content\/uploads\/2021\/01\/greenHouse-17-480x360.jpg 480w\" sizes=\"(max-width: 1024px) 100vw, 1024px\" \/><\/p>\n","protected":false},"excerpt":{"rendered":"<p>Am dritten Tag haben wir unsere Pr\u00e4sentationen vorgetragen. Wir haben die Sch\u00fcler der am Erasmus+ Projekt beteiligten Sch\u00fcler aus Almeria, Sindelfingen und Dijon kennengelernt. Anschliessend haben wir die Schule anhand eines Spiels kennen gelernt, dies in gemischten Gruppen. Nach dem Spiel sind wir als Gruppe essen gegangen. Anschlie\u00dfend fuhren wir [&hellip;]<\/p>\n","protected":false},"author":1,"featured_media":2040,"comment_status":"closed","ping_status":"open","sticky":false,"template":"","format":"standard","meta":{"_jetpack_memberships_contains_paid_content":false,"footnotes":""},"categories":[33,6,26,28],"tags":[],"class_list":["post-2039","post","type-post","status-publish","format-standard","has-post-thumbnail","hentry","category-green-eco-friendly-house","category-news","category-projets","category-projets-europeens"],"jetpack_featured_media_url":"https:\/\/www.ltett.lu\/wp-content\/uploads\/2021\/01\/greenHouse-2-2-scaled.jpg","jetpack_sharing_enabled":true,"_links":{"self":[{"href":"https:\/\/www.ltett.lu\/wp-json\/wp\/v2\/posts\/2039","targetHints":{"allow":["GET"]}}],"collection":[{"href":"https:\/\/www.ltett.lu\/wp-json\/wp\/v2\/posts"}],"about":[{"href":"https:\/\/www.ltett.lu\/wp-json\/wp\/v2\/types\/post"}],"author":[{"embeddable":true,"href":"https:\/\/www.ltett.lu\/wp-json\/wp\/v2\/users\/1"}],"replies":[{"embeddable":true,"href":"https:\/\/www.ltett.lu\/wp-json\/wp\/v2\/comments?post=2039"}],"version-history":[{"count":1,"href":"https:\/\/www.ltett.lu\/wp-json\/wp\/v2\/posts\/2039\/revisions"}],"predecessor-version":[{"id":2052,"href":"https:\/\/www.ltett.lu\/wp-json\/wp\/v2\/posts\/2039\/revisions\/2052"}],"wp:featuredmedia":[{"embeddable":true,"href":"https:\/\/www.ltett.lu\/wp-json\/wp\/v2\/media\/2040"}],"wp:attachment":[{"href":"https:\/\/www.ltett.lu\/wp-json\/wp\/v2\/media?parent=2039"}],"wp:term":[{"taxonomy":"category","embeddable":true,"href":"https:\/\/www.ltett.lu\/wp-json\/wp\/v2\/categories?post=2039"},{"taxonomy":"post_tag","embeddable":true,"href":"https:\/\/www.ltett.lu\/wp-json\/wp\/v2\/tags?post=2039"}],"curies":[{"name":"wp","href":"https:\/\/api.w.org\/{rel}","templated":true}]}}