{"id":2173,"date":"2018-03-28T15:24:35","date_gmt":"2018-03-28T13:24:35","guid":{"rendered":"https:\/\/webweb.ltett.lu\/?p=2173"},"modified":"2021-01-15T15:35:04","modified_gmt":"2021-01-15T14:35:04","slug":"zero-waste-fruhstuck-am-26-03-2018","status":"publish","type":"post","link":"https:\/\/www.ltett.lu\/zero-waste-fruhstuck-am-26-03-2018\/","title":{"rendered":"Zero Waste Fr\u00fchst\u00fcck am 26.03.2018"},"content":{"rendered":"<p>Im Rahmen des Projet d\u00b4Etablissement organisiert die Klasse 7P2 ein \u201eZeroWaste\u201c- Fr\u00fchst\u00fccksbuffet f\u00fcr interessierte Klassen: 130 Sch\u00fcler\/innen fr\u00fchst\u00fcckten zusammen mit ihren Lehrer\/innen.<span id=\"more-11573\"><\/span>Die Klasse fuhr mit ihrer Klassenlehrerin und einer Menge leerer Beh\u00e4lter nach Luxemburg-Stadt in den \u201eUnverpackt\u201c-Laden OUNI und kauften dort ein: Cornflakes, M\u00fcsli, N\u00fcsse, Tee, Kaffee in Glasdosen, Joghurt, Marmelade, Honig und Schokoladenaufstrich in Gl\u00e4sern (Pfandgl\u00e4ser) und K\u00e4se in der mitgebrachten K\u00e4sedose. Auch Obst und Gem\u00fcse wurde verpackungsfrei in Stofftaschen gekauft. Die Milch kaufte die Lehrerin an einer Milch\u201ctankstelle\u201c. Die Eier wurden uns von einem Lehrer zur Verf\u00fcgung gestellt.Die Klasse 8MO n\u00e4hte zu diesem Zweck Servietten aus Stoffresten, so dass auch kein Abfall in Form von Papierservietten anfiel.Bevor die Sch\u00fcler\/innen sich im Aufenthaltsraum versammelten, wurden sie anhand einer PowerPoint- Pr\u00e4sentation \u00fcber das Thema \u201eZeroWaste\u201c informiert. Um 8:30 und um 10:30 trafen sich jeweils 6 Klassen um gemeinsam mit ihren Lehrer\/innen ein gesundes Fr\u00fchst\u00fcck zu sich zu nehmen: Alle Lebensmittel stammten aus biologischem Anbau.<\/p>\n<p>Nach dem Fr\u00fchst\u00fcck haben wir den Abfall, der nur aus Obst- und Gem\u00fcseschalen bestand gewogen: 1140 g. Die Eierschalen wurden gesammelt und an Tiere verf\u00fcttert.<\/p>\n<p><img fetchpriority=\"high\" decoding=\"async\" class=\"alignnone size-large wp-image-2175\" src=\"https:\/\/webweb.ltett.lu\/wp-content\/uploads\/2021\/01\/IMG_4989.jpg\" alt=\"\" width=\"768\" height=\"576\" srcset=\"https:\/\/www.ltett.lu\/wp-content\/uploads\/2021\/01\/IMG_4989.jpg 768w, https:\/\/www.ltett.lu\/wp-content\/uploads\/2021\/01\/IMG_4989-300x225.jpg 300w, https:\/\/www.ltett.lu\/wp-content\/uploads\/2021\/01\/IMG_4989-230x173.jpg 230w, https:\/\/www.ltett.lu\/wp-content\/uploads\/2021\/01\/IMG_4989-350x263.jpg 350w, https:\/\/www.ltett.lu\/wp-content\/uploads\/2021\/01\/IMG_4989-480x360.jpg 480w\" sizes=\"(max-width: 768px) 100vw, 768px\" \/><\/p>\n<p><img decoding=\"async\" class=\"alignnone size-large wp-image-2176\" src=\"https:\/\/webweb.ltett.lu\/wp-content\/uploads\/2021\/01\/IMG_5027.jpg\" alt=\"\" width=\"768\" height=\"576\" srcset=\"https:\/\/www.ltett.lu\/wp-content\/uploads\/2021\/01\/IMG_5027.jpg 768w, https:\/\/www.ltett.lu\/wp-content\/uploads\/2021\/01\/IMG_5027-300x225.jpg 300w, https:\/\/www.ltett.lu\/wp-content\/uploads\/2021\/01\/IMG_5027-230x173.jpg 230w, https:\/\/www.ltett.lu\/wp-content\/uploads\/2021\/01\/IMG_5027-350x263.jpg 350w, https:\/\/www.ltett.lu\/wp-content\/uploads\/2021\/01\/IMG_5027-480x360.jpg 480w\" sizes=\"(max-width: 768px) 100vw, 768px\" \/><\/p>\n<p><img decoding=\"async\" class=\"alignnone size-large wp-image-2177\" src=\"https:\/\/webweb.ltett.lu\/wp-content\/uploads\/2021\/01\/IMG_5037.jpg\" alt=\"\" width=\"375\" height=\"500\" srcset=\"https:\/\/www.ltett.lu\/wp-content\/uploads\/2021\/01\/IMG_5037.jpg 375w, https:\/\/www.ltett.lu\/wp-content\/uploads\/2021\/01\/IMG_5037-225x300.jpg 225w, https:\/\/www.ltett.lu\/wp-content\/uploads\/2021\/01\/IMG_5037-230x307.jpg 230w, https:\/\/www.ltett.lu\/wp-content\/uploads\/2021\/01\/IMG_5037-350x467.jpg 350w\" sizes=\"(max-width: 375px) 100vw, 375px\" \/> <img loading=\"lazy\" decoding=\"async\" class=\"alignnone size-large wp-image-2178\" src=\"https:\/\/webweb.ltett.lu\/wp-content\/uploads\/2021\/01\/IMG_5039.jpg\" alt=\"\" width=\"375\" height=\"500\" srcset=\"https:\/\/www.ltett.lu\/wp-content\/uploads\/2021\/01\/IMG_5039.jpg 375w, https:\/\/www.ltett.lu\/wp-content\/uploads\/2021\/01\/IMG_5039-225x300.jpg 225w, https:\/\/www.ltett.lu\/wp-content\/uploads\/2021\/01\/IMG_5039-230x307.jpg 230w, https:\/\/www.ltett.lu\/wp-content\/uploads\/2021\/01\/IMG_5039-350x467.jpg 350w\" sizes=\"(max-width: 375px) 100vw, 375px\" \/><\/p>\n","protected":false},"excerpt":{"rendered":"<p>Im Rahmen des Projet d\u00b4Etablissement organisiert die Klasse 7P2 ein \u201eZeroWaste\u201c- Fr\u00fchst\u00fccksbuffet f\u00fcr interessierte Klassen: 130 Sch\u00fcler\/innen fr\u00fchst\u00fcckten zusammen mit ihren Lehrer\/innen.Die Klasse fuhr mit ihrer Klassenlehrerin und einer Menge leerer Beh\u00e4lter nach Luxemburg-Stadt in den \u201eUnverpackt\u201c-Laden OUNI und kauften dort ein: Cornflakes, M\u00fcsli, N\u00fcsse, Tee, Kaffee in Glasdosen, Joghurt, [&hellip;]<\/p>\n","protected":false},"author":1,"featured_media":2174,"comment_status":"closed","ping_status":"open","sticky":false,"template":"","format":"standard","meta":{"_jetpack_memberships_contains_paid_content":false,"footnotes":""},"categories":[30,6,26,27],"tags":[],"class_list":["post-2173","post","type-post","status-publish","format-standard","has-post-thumbnail","hentry","category-nachhaltigkeit-macht-schule","category-news","category-projets","category-projets-detablissement"],"jetpack_featured_media_url":"https:\/\/www.ltett.lu\/wp-content\/uploads\/2021\/01\/IMG_5030.jpg","jetpack_sharing_enabled":true,"_links":{"self":[{"href":"https:\/\/www.ltett.lu\/wp-json\/wp\/v2\/posts\/2173","targetHints":{"allow":["GET"]}}],"collection":[{"href":"https:\/\/www.ltett.lu\/wp-json\/wp\/v2\/posts"}],"about":[{"href":"https:\/\/www.ltett.lu\/wp-json\/wp\/v2\/types\/post"}],"author":[{"embeddable":true,"href":"https:\/\/www.ltett.lu\/wp-json\/wp\/v2\/users\/1"}],"replies":[{"embeddable":true,"href":"https:\/\/www.ltett.lu\/wp-json\/wp\/v2\/comments?post=2173"}],"version-history":[{"count":1,"href":"https:\/\/www.ltett.lu\/wp-json\/wp\/v2\/posts\/2173\/revisions"}],"predecessor-version":[{"id":2179,"href":"https:\/\/www.ltett.lu\/wp-json\/wp\/v2\/posts\/2173\/revisions\/2179"}],"wp:featuredmedia":[{"embeddable":true,"href":"https:\/\/www.ltett.lu\/wp-json\/wp\/v2\/media\/2174"}],"wp:attachment":[{"href":"https:\/\/www.ltett.lu\/wp-json\/wp\/v2\/media?parent=2173"}],"wp:term":[{"taxonomy":"category","embeddable":true,"href":"https:\/\/www.ltett.lu\/wp-json\/wp\/v2\/categories?post=2173"},{"taxonomy":"post_tag","embeddable":true,"href":"https:\/\/www.ltett.lu\/wp-json\/wp\/v2\/tags?post=2173"}],"curies":[{"name":"wp","href":"https:\/\/api.w.org\/{rel}","templated":true}]}}