{"id":738,"date":"2019-10-11T14:45:35","date_gmt":"2019-10-11T12:45:35","guid":{"rendered":"https:\/\/webweb.ltett.lu\/?p=738"},"modified":"2021-02-25T12:41:47","modified_gmt":"2021-02-25T11:41:47","slug":"kick-off-se-19-20","status":"publish","type":"post","link":"https:\/\/www.ltett.lu\/kick-off-se-19-20\/","title":{"rendered":"Kick-Off SE 19\/20"},"content":{"rendered":"<p>Am Kader vun der Sektioun Sciences Environnementales (SE) gouf och\u00a0d\u00ebst Joer\u00a0er\u00ebm e Kick-Off organis\u00e9iert, wou Sch\u00fcler a\u00a0Proffen zesummen drun deelgeholl hunn.<\/p>\n<p>&nbsp;<\/p>\n<p>Well t\u2019Wieder moies gutt war, hu mir eis zesumme mat eise schoulinterne V\u00ebloen op de Wee op Biissen gemaach, wou mer mat fr\u00ebndlecher \u00cbnnerst\u00ebtzung vun der Amicale \u201eFr\u00e4iwelleg Pompj\u00eben Biissen\u201c t\u2018Raimlechkeeten vun hierem Pompjeesbau fir eis Semin\u00e4ren benotze konnten.<\/p>\n<p>An de Semin\u00e4ren kruten eis nei Sch\u00fcler op der 2GSE d\u00e9i 6 Themen vun der SE virgestallt (Loft, Waasser, Buedem, Mobilit\u00e9it, Energie an Offall) an en Abl\u00e9ck an de Programmoflaf vun dem Schouljoer, \u00ebnner anerem vun dem Fach \u201e\u00c9tudes de cas\u201c (ETCAS) a Projet Personel (PROPE). Duernoten hunn och eis Sch\u00fcler vun der 1GSE hier Aarbeschten vum l\u00e4schte Joer pr\u00e9senteiert a stungen fir all Froen Ried an \u00c4ntwert.<\/p>\n<p>No engem gudde\u00a0M\u00ebttegiessen (selwer gekacht mat Bio-Produiten) goung et du mam Fierschter aus der Gemeng Biissen, dem Serge Reinardt an de B\u00ebsch, den eis en Abl\u00e9ck an d\u00e9i\u00a0haiteg Forstwirtschaft an eis e sellischen Erkl\u00e4rungen an\u00a0Anekdoten konnt ginn,\u00a0d\u00e9i ganz am Kader vun eise 6 Themen vun der SE\u00a0gestanen hunn.<\/p>\n<p>Zum Schluss\u00a0gouf de Kick-Off-Event b\u00e4i engem gemittleche Grillowend auskl\u00e9nge gelooss.<\/p>\n<p>Merci op\u00a0d\u00ebser\u00a0Platz nach eng K\u00e9ier der Amicale \u201eFr\u00e4iwelleg Pompj\u00eben Biissen\u201c, dem Fierschter vu Biissen an eise Sch\u00fcler vun der 1GSE.<\/p>\n<div class=\"blog-content\">\n<div class=\"sharedaddy sd-sharing-enabled\">\n<div class=\"robots-nocontent sd-block sd-social sd-social-icon sd-sharing\"><\/div>\n<\/div>\n<\/div>\n<div class=\"three columns mb0 gdl-right-sidebar\">\n<div class=\"gdl-sidebar-wrapper gdl-border-y left\">\n<div class=\"sidebar-wrapper\"><img fetchpriority=\"high\" decoding=\"async\" class=\"alignnone size-full wp-image-1902\" src=\"https:\/\/webweb.ltett.lu\/wp-content\/uploads\/2019\/10\/WM-1-1-1.jpeg\" alt=\"\" width=\"1632\" height=\"1224\" srcset=\"https:\/\/www.ltett.lu\/wp-content\/uploads\/2019\/10\/WM-1-1-1.jpeg 1632w, https:\/\/www.ltett.lu\/wp-content\/uploads\/2019\/10\/WM-1-1-1-300x225.jpeg 300w, https:\/\/www.ltett.lu\/wp-content\/uploads\/2019\/10\/WM-1-1-1-1024x768.jpeg 1024w, https:\/\/www.ltett.lu\/wp-content\/uploads\/2019\/10\/WM-1-1-1-768x576.jpeg 768w, https:\/\/www.ltett.lu\/wp-content\/uploads\/2019\/10\/WM-1-1-1-1536x1152.jpeg 1536w, https:\/\/www.ltett.lu\/wp-content\/uploads\/2019\/10\/WM-1-1-1-830x623.jpeg 830w, https:\/\/www.ltett.lu\/wp-content\/uploads\/2019\/10\/WM-1-1-1-230x173.jpeg 230w, https:\/\/www.ltett.lu\/wp-content\/uploads\/2019\/10\/WM-1-1-1-350x263.jpeg 350w, https:\/\/www.ltett.lu\/wp-content\/uploads\/2019\/10\/WM-1-1-1-480x360.jpeg 480w\" sizes=\"(max-width: 1632px) 100vw, 1632px\" \/><\/div>\n<\/div>\n<\/div>\n<div class=\"clear\"><img decoding=\"async\" class=\"alignnone size-full wp-image-1901\" src=\"https:\/\/webweb.ltett.lu\/wp-content\/uploads\/2019\/10\/Kick-Off-SE-19-20-2.jpg\" alt=\"\" width=\"1920\" height=\"933\" srcset=\"https:\/\/www.ltett.lu\/wp-content\/uploads\/2019\/10\/Kick-Off-SE-19-20-2.jpg 1920w, https:\/\/www.ltett.lu\/wp-content\/uploads\/2019\/10\/Kick-Off-SE-19-20-2-300x146.jpg 300w, https:\/\/www.ltett.lu\/wp-content\/uploads\/2019\/10\/Kick-Off-SE-19-20-2-1024x498.jpg 1024w, https:\/\/www.ltett.lu\/wp-content\/uploads\/2019\/10\/Kick-Off-SE-19-20-2-768x373.jpg 768w, https:\/\/www.ltett.lu\/wp-content\/uploads\/2019\/10\/Kick-Off-SE-19-20-2-1536x746.jpg 1536w, https:\/\/www.ltett.lu\/wp-content\/uploads\/2019\/10\/Kick-Off-SE-19-20-2-830x403.jpg 830w, https:\/\/www.ltett.lu\/wp-content\/uploads\/2019\/10\/Kick-Off-SE-19-20-2-230x112.jpg 230w, https:\/\/www.ltett.lu\/wp-content\/uploads\/2019\/10\/Kick-Off-SE-19-20-2-350x170.jpg 350w, https:\/\/www.ltett.lu\/wp-content\/uploads\/2019\/10\/Kick-Off-SE-19-20-2-480x233.jpg 480w\" sizes=\"(max-width: 1920px) 100vw, 1920px\" \/><\/div>\n<div><\/div>\n","protected":false},"excerpt":{"rendered":"<p>Am Kader vun der Sektioun Sciences Environnementales (SE) gouf och\u00a0d\u00ebst Joer\u00a0er\u00ebm e Kick-Off organis\u00e9iert, wou Sch\u00fcler a\u00a0Proffen zesummen drun deelgeholl hunn. &nbsp; Well t\u2019Wieder moies gutt war, hu mir eis zesumme mat eise schoulinterne V\u00ebloen op de Wee op Biissen gemaach, wou mer mat fr\u00ebndlecher \u00cbnnerst\u00ebtzung vun der Amicale \u201eFr\u00e4iwelleg [&hellip;]<\/p>\n","protected":false},"author":1,"featured_media":740,"comment_status":"closed","ping_status":"closed","sticky":false,"template":"","format":"standard","meta":{"_jetpack_memberships_contains_paid_content":false,"footnotes":""},"categories":[6],"tags":[],"class_list":["post-738","post","type-post","status-publish","format-standard","has-post-thumbnail","hentry","category-news"],"jetpack_featured_media_url":"https:\/\/www.ltett.lu\/wp-content\/uploads\/2020\/11\/Kick-Off-SE-19-20-4.jpg","jetpack_sharing_enabled":true,"_links":{"self":[{"href":"https:\/\/www.ltett.lu\/wp-json\/wp\/v2\/posts\/738","targetHints":{"allow":["GET"]}}],"collection":[{"href":"https:\/\/www.ltett.lu\/wp-json\/wp\/v2\/posts"}],"about":[{"href":"https:\/\/www.ltett.lu\/wp-json\/wp\/v2\/types\/post"}],"author":[{"embeddable":true,"href":"https:\/\/www.ltett.lu\/wp-json\/wp\/v2\/users\/1"}],"replies":[{"embeddable":true,"href":"https:\/\/www.ltett.lu\/wp-json\/wp\/v2\/comments?post=738"}],"version-history":[{"count":2,"href":"https:\/\/www.ltett.lu\/wp-json\/wp\/v2\/posts\/738\/revisions"}],"predecessor-version":[{"id":1903,"href":"https:\/\/www.ltett.lu\/wp-json\/wp\/v2\/posts\/738\/revisions\/1903"}],"wp:featuredmedia":[{"embeddable":true,"href":"https:\/\/www.ltett.lu\/wp-json\/wp\/v2\/media\/740"}],"wp:attachment":[{"href":"https:\/\/www.ltett.lu\/wp-json\/wp\/v2\/media?parent=738"}],"wp:term":[{"taxonomy":"category","embeddable":true,"href":"https:\/\/www.ltett.lu\/wp-json\/wp\/v2\/categories?post=738"},{"taxonomy":"post_tag","embeddable":true,"href":"https:\/\/www.ltett.lu\/wp-json\/wp\/v2\/tags?post=738"}],"curies":[{"name":"wp","href":"https:\/\/api.w.org\/{rel}","templated":true}]}}