{"id":748,"date":"2019-10-25T14:57:35","date_gmt":"2019-10-25T12:57:35","guid":{"rendered":"https:\/\/webweb.ltett.lu\/?p=748"},"modified":"2021-02-15T14:45:17","modified_gmt":"2021-02-15T13:45:17","slug":"1gse-op-visitt-beim-ltps-an-der-forstverwaltung-am-kader-vum-fach-etudes-de-cas-etcas","status":"publish","type":"post","link":"https:\/\/www.ltett.lu\/1gse-op-visitt-beim-ltps-an-der-forstverwaltung-am-kader-vum-fach-etudes-de-cas-etcas\/","title":{"rendered":"1GSE op Visitt beim LTPS an der Forstverwaltung am Kader vum Fach Etudes de cas (ETCAS)"},"content":{"rendered":"<p>Wir, die Sch\u00fcler der 1<sup>i\u00e8re<\/sup> GSE (Sciences environnementales), haben im Rahmen unseres Faches ETCAS (\u00c9tudes de cas) eine Besichtigung der Forstverwaltung in Diekirch und des LTPS in Ettelbr\u00fcck gemacht. Am 3. Oktober 2019 haben wir uns auf die Besichtigung vorbereitet, indem wir uns in 3 Zweiergruppen aufgeteilt und pro Gruppe Fragen vorbereitet haben, die wir w\u00e4hrend der Besichtigung stellen wollten.<\/p>\n<p>Diese Fragen behandelten verschiedene Aspekte, wie Nachhaltigkeit, Soziales, \u00d6konomie und Technik zu den beiden Geb\u00e4uden.<\/p>\n<p><img fetchpriority=\"high\" decoding=\"async\" class=\"alignnone size-full wp-image-1897\" src=\"https:\/\/webweb.ltett.lu\/wp-content\/uploads\/2019\/10\/Visite-Luxtram-10.jpg\" alt=\"\" width=\"405\" height=\"500\" srcset=\"https:\/\/www.ltett.lu\/wp-content\/uploads\/2019\/10\/Visite-Luxtram-10.jpg 405w, https:\/\/www.ltett.lu\/wp-content\/uploads\/2019\/10\/Visite-Luxtram-10-243x300.jpg 243w, https:\/\/www.ltett.lu\/wp-content\/uploads\/2019\/10\/Visite-Luxtram-10-230x284.jpg 230w, https:\/\/www.ltett.lu\/wp-content\/uploads\/2019\/10\/Visite-Luxtram-10-350x432.jpg 350w\" sizes=\"(max-width: 405px) 100vw, 405px\" \/><\/p>\n<p>Nachdem wir, am 10. Oktober 2019, zu Fu\u00df das Geb\u00e4ude des LTPS erreicht haben, hat uns die Architektin, Martine Schmitt, durch das Geb\u00e4ude gef\u00fchrt und uns die Spezifikationen eines Energieplus Geb\u00e4udes erl\u00e4utert. Dazu z\u00e4hlen unter anderem ein innovatives L\u00fcftungssystem, die beeindruckende<\/p>\n<p>Holzkonstruktion und ein 90\u2018000 Liter Warmwasserspeicher welcher von einer thermischen Solaranlage gespeist wird.<\/p>\n<p><img decoding=\"async\" class=\"alignnone size-full wp-image-1898\" src=\"https:\/\/webweb.ltett.lu\/wp-content\/uploads\/2019\/10\/WM-1-1.jpeg\" alt=\"\" width=\"640\" height=\"480\" srcset=\"https:\/\/www.ltett.lu\/wp-content\/uploads\/2019\/10\/WM-1-1.jpeg 640w, https:\/\/www.ltett.lu\/wp-content\/uploads\/2019\/10\/WM-1-1-300x225.jpeg 300w, https:\/\/www.ltett.lu\/wp-content\/uploads\/2019\/10\/WM-1-1-230x173.jpeg 230w, https:\/\/www.ltett.lu\/wp-content\/uploads\/2019\/10\/WM-1-1-350x263.jpeg 350w, https:\/\/www.ltett.lu\/wp-content\/uploads\/2019\/10\/WM-1-1-480x360.jpeg 480w\" sizes=\"(max-width: 640px) 100vw, 640px\" \/><\/p>\n<p>Nachdem wir die Besichtigung des LTPS abgeschlossen haben, sind wir mit dem Bus zur Forstverwaltung in Diekirch gefahren. Dort wurden wir ebenfalls herzlich von Herrn Frank Wolter, dem Direktor der Forstverwaltung, in Empfang genommen. Wie auch im LTPS wurde hier ein beeindruckendes Geb\u00e4ude, von Jules Theis und Ralph Weiler, vorgestellt, welches dem Energieplussystem folgt, also mehr Energie produziert als es selbst verbraucht. Ein besonderer technischer Aspekt war hier die W\u00e4rmepumpe welche mit Flusswasser der Sauer gespeist wird. Ebenfalls verf\u00fcgt das Geb\u00e4ude \u00fcber eine Photovoltaikanlage von 136 kWp.<\/p>\n<p>Am 24. Oktober 2019 haben wir unsere, w\u00e4hrend den Besichtigungen, erhaltenen Informationen ausf\u00fchrlich pr\u00e4sentiert. Anschlie\u00dfend haben wir eine Reflexion \u00fcber die drei Phasen unseres ersten ETCAS erstellt.<\/p>\n<p>Schlussendlich haben wir von unseren Tutoren, Herrn Azzeri und Herrn Putz, ein globales Feedback erhalten welches wir bei unseren n\u00e4chsten Besichtigungen anwenden k\u00f6nnen.<\/p>\n<div class=\"blog-content\">\n<div id=\"like-post-wrapper-137700128-14149-5fa2b36224952\" class=\"sharedaddy sd-block sd-like jetpack-likes-widget-wrapper jetpack-likes-widget-loaded\" data-src=\"https:\/\/widgets.wp.com\/likes\/#blog_id=137700128&amp;post_id=14149&amp;origin=www.ltett.lu&amp;obj_id=137700128-14149-5fa2b36224952\" data-name=\"like-post-frame-137700128-14149-5fa2b36224952\">\n<h3 class=\"sd-title\"><\/h3>\n<\/div>\n<div class=\"clear\"><\/div>\n<\/div>\n<div class=\"about-author-wrapper\">\n<div class=\"about-author-avartar\"><\/div>\n<div class=\"about-author-info\">\n<h5 class=\"about-author-title\">\u00c0 propos de l&#8217;auteur<\/h5>\n<\/div>\n<div class=\"clear\"><\/div>\n<\/div>\n<h3 class=\"social-share-title\">Partager\u2026<\/h3>\n<div class=\"social-shares\">\n<ul>\n<li><\/li>\n<\/ul>\n<\/div>\n<ul>\n<li><\/li>\n<li><\/li>\n<li><\/li>\n<li><\/li>\n<li><\/li>\n<li><\/li>\n<\/ul>\n<div class=\"gdl-page-left mb0 nine columns\">\n<div class=\"row\">\n<div class=\"gdl-page-item mb0 pb20 gdl-blog-full eight columns\">\n<div class=\"blog-content-wrapper\">\n<div class=\"social-shares\">\n<ul>\n<li><\/li>\n<\/ul>\n<\/div>\n<div class=\"clear\"><\/div>\n<div class=\"comment-wrapper\"><\/div>\n<\/div>\n<\/div>\n<div class=\"four columns mb0 gdl-left-sidebar\">\n<div class=\"gdl-sidebar-wrapper gdl-border-y right\">\n<div class=\"sidebar-wrapper\"><\/div>\n<\/div>\n<\/div>\n<div class=\"clear\"><\/div>\n<\/div>\n<\/div>\n<div class=\"three columns mb0 gdl-right-sidebar\">\n<div class=\"gdl-sidebar-wrapper gdl-border-y left\">\n<div class=\"sidebar-wrapper\"><\/div>\n<\/div>\n<\/div>\n<div class=\"clear\"><\/div>\n","protected":false},"excerpt":{"rendered":"<p>Wir, die Sch\u00fcler der 1i\u00e8re GSE (Sciences environnementales), haben im Rahmen unseres Faches ETCAS (\u00c9tudes de cas) eine Besichtigung der Forstverwaltung in Diekirch und des LTPS in Ettelbr\u00fcck gemacht. Am 3. Oktober 2019 haben wir uns auf die Besichtigung vorbereitet, indem wir uns in 3 Zweiergruppen aufgeteilt und pro Gruppe [&hellip;]<\/p>\n","protected":false},"author":1,"featured_media":749,"comment_status":"closed","ping_status":"closed","sticky":false,"template":"","format":"standard","meta":{"_jetpack_memberships_contains_paid_content":false,"footnotes":""},"categories":[6],"tags":[],"class_list":["post-748","post","type-post","status-publish","format-standard","has-post-thumbnail","hentry","category-news"],"jetpack_featured_media_url":"https:\/\/www.ltett.lu\/wp-content\/uploads\/2020\/11\/WM-1-2.jpeg","jetpack_sharing_enabled":true,"_links":{"self":[{"href":"https:\/\/www.ltett.lu\/wp-json\/wp\/v2\/posts\/748","targetHints":{"allow":["GET"]}}],"collection":[{"href":"https:\/\/www.ltett.lu\/wp-json\/wp\/v2\/posts"}],"about":[{"href":"https:\/\/www.ltett.lu\/wp-json\/wp\/v2\/types\/post"}],"author":[{"embeddable":true,"href":"https:\/\/www.ltett.lu\/wp-json\/wp\/v2\/users\/1"}],"replies":[{"embeddable":true,"href":"https:\/\/www.ltett.lu\/wp-json\/wp\/v2\/comments?post=748"}],"version-history":[{"count":3,"href":"https:\/\/www.ltett.lu\/wp-json\/wp\/v2\/posts\/748\/revisions"}],"predecessor-version":[{"id":1900,"href":"https:\/\/www.ltett.lu\/wp-json\/wp\/v2\/posts\/748\/revisions\/1900"}],"wp:featuredmedia":[{"embeddable":true,"href":"https:\/\/www.ltett.lu\/wp-json\/wp\/v2\/media\/749"}],"wp:attachment":[{"href":"https:\/\/www.ltett.lu\/wp-json\/wp\/v2\/media?parent=748"}],"wp:term":[{"taxonomy":"category","embeddable":true,"href":"https:\/\/www.ltett.lu\/wp-json\/wp\/v2\/categories?post=748"},{"taxonomy":"post_tag","embeddable":true,"href":"https:\/\/www.ltett.lu\/wp-json\/wp\/v2\/tags?post=748"}],"curies":[{"name":"wp","href":"https:\/\/api.w.org\/{rel}","templated":true}]}}