{"id":754,"date":"2019-11-14T15:06:59","date_gmt":"2019-11-14T14:06:59","guid":{"rendered":"https:\/\/webweb.ltett.lu\/?p=754"},"modified":"2021-02-25T12:38:58","modified_gmt":"2021-02-25T11:38:58","slug":"windmobile-um-science-festival-2019","status":"publish","type":"post","link":"https:\/\/www.ltett.lu\/windmobile-um-science-festival-2019\/","title":{"rendered":"Windmobile um science Festival 2019"},"content":{"rendered":"<p><strong>Windmobile\u00a0um Science Festival\u00a0<\/strong><\/p>\n<p><span data-ccp-props=\"{}\">\u00a0<\/span><span data-contrast=\"auto\">Vum 7. November bis den 10. November <\/span><span data-contrast=\"auto\">2019\u00a0<\/span><span data-contrast=\"auto\">huet de Projet <\/span><span data-contrast=\"auto\">Windmobile<\/span><span data-contrast=\"auto\"> aus dem Lyc\u00e9e <\/span><span data-contrast=\"auto\">Technique<\/span><span data-contrast=\"auto\"> vun Ettelbr\u00e9ck um Science Festival deelgeholl. <\/span><\/p>\n<p><span data-contrast=\"auto\">Donneschdes den 7 November hunn de Will Reiter an de Guy Putz zesummen mat der Klass 1TPEE (Premi\u00e8re Techniker<\/span><span data-contrast=\"auto\"> K<\/span><span data-contrast=\"auto\">lass) de <\/span><span data-contrast=\"auto\">Noah<\/span><span data-contrast=\"auto\"> Massen (5G4) an <\/span><span data-contrast=\"auto\">Diego<\/span><span data-contrast=\"auto\"> Garcia (4GIG) di 4 Atelier<\/span><span data-contrast=\"auto\"> \u2018<\/span><span data-contrast=\"auto\">e<\/span><span data-contrast=\"auto\">n<\/span><span data-contrast=\"auto\"> gelee<\/span><span data-contrast=\"auto\">t<\/span><span data-contrast=\"auto\">.<\/span><\/p>\n<p><img fetchpriority=\"high\" decoding=\"async\" class=\"alignnone size-full wp-image-1889\" src=\"https:\/\/webweb.ltett.lu\/wp-content\/uploads\/2019\/11\/Visite-Luxtram-10-3.jpg\" alt=\"\" width=\"640\" height=\"480\" srcset=\"https:\/\/www.ltett.lu\/wp-content\/uploads\/2019\/11\/Visite-Luxtram-10-3.jpg 640w, https:\/\/www.ltett.lu\/wp-content\/uploads\/2019\/11\/Visite-Luxtram-10-3-300x225.jpg 300w, https:\/\/www.ltett.lu\/wp-content\/uploads\/2019\/11\/Visite-Luxtram-10-3-230x173.jpg 230w, https:\/\/www.ltett.lu\/wp-content\/uploads\/2019\/11\/Visite-Luxtram-10-3-350x263.jpg 350w, https:\/\/www.ltett.lu\/wp-content\/uploads\/2019\/11\/Visite-Luxtram-10-3-480x360.jpg 480w\" sizes=\"(max-width: 640px) 100vw, 640px\" \/><\/p>\n<div class=\"clear\"><span data-contrast=\"auto\">Donneschdes\u00a0<\/span><span data-contrast=\"auto\">hunn<\/span><span data-contrast=\"auto\"> 80 Sch\u00fcler aus dem <\/span><span data-contrast=\"auto\">Fondamental<\/span><span data-contrast=\"auto\">\u00a0<\/span><span data-contrast=\"auto\">an<\/span><span data-contrast=\"auto\">\u00a0aus Lyc\u00e9e<\/span><span data-contrast=\"auto\">\u00eb<\/span><span data-contrast=\"auto\">n un eisen Aktivit\u00e9iten deelgeholl. Si konnten um Stroum<\/span><span data-contrast=\"auto\"> V\u00eb<\/span><span data-contrast=\"auto\">lo Stroum <\/span><span data-contrast=\"auto\">produz\u00e9ieren<\/span><span data-contrast=\"auto\">, am Wand<\/span><span data-contrast=\"auto\"> K<\/span><span data-contrast=\"auto\">anal verschidden Modeller testen, e pab<\/span><span data-contrast=\"auto\">e<\/span><span data-contrast=\"auto\">iers\u00a0<\/span><span data-contrast=\"auto\">W<\/span><span data-contrast=\"auto\">andrad<\/span><span data-contrast=\"auto\"> bastelen <\/span><span data-contrast=\"auto\">an<\/span><span data-contrast=\"auto\">\u00a0si kruten den <\/span><span data-contrast=\"auto\">Windmobil<\/span><span data-contrast=\"auto\">\u00a0<\/span><span data-contrast=\"auto\">an<\/span><span data-contrast=\"auto\"> aner Wandmillen gewisen.<\/span><span data-ccp-props=\"{}\">\u00a0<\/span><\/div>\n<div><img decoding=\"async\" class=\"alignnone size-full wp-image-1888\" src=\"https:\/\/webweb.ltett.lu\/wp-content\/uploads\/2019\/11\/scienceFestival-13.jpeg\" alt=\"\" width=\"375\" height=\"500\" srcset=\"https:\/\/www.ltett.lu\/wp-content\/uploads\/2019\/11\/scienceFestival-13.jpeg 375w, https:\/\/www.ltett.lu\/wp-content\/uploads\/2019\/11\/scienceFestival-13-225x300.jpeg 225w, https:\/\/www.ltett.lu\/wp-content\/uploads\/2019\/11\/scienceFestival-13-230x307.jpeg 230w, https:\/\/www.ltett.lu\/wp-content\/uploads\/2019\/11\/scienceFestival-13-350x467.jpeg 350w\" sizes=\"(max-width: 375px) 100vw, 375px\" \/><\/div>\n<div>\n<p><span data-contrast=\"auto\">Freides huet DP3EE aus dem <\/span><span data-contrast=\"auto\">LTEtt<\/span><span data-contrast=\"auto\"> nieft dem <\/span><span data-contrast=\"auto\">Chrochet<\/span><span data-contrast=\"auto\"> Gilles, Winkin Laurent, Reiter Will\u00a0<\/span><span data-contrast=\"auto\">na<\/span><span data-contrast=\"auto\"> Guy Putz d\u2019 Atelier \u2019en geleet. Freides waren\u00a0knapps iwwert 100 Sch\u00fcler an eisen <\/span><span data-contrast=\"auto\">Atelier \u2018en<\/span><span data-contrast=\"auto\">.<\/span><span data-ccp-props=\"{}\">\u00a0<\/span><\/p>\n<p><img decoding=\"async\" class=\"alignnone size-full wp-image-1887\" src=\"https:\/\/webweb.ltett.lu\/wp-content\/uploads\/2019\/11\/scienceFestival-12.jpeg\" alt=\"\" width=\"375\" height=\"500\" srcset=\"https:\/\/www.ltett.lu\/wp-content\/uploads\/2019\/11\/scienceFestival-12.jpeg 375w, https:\/\/www.ltett.lu\/wp-content\/uploads\/2019\/11\/scienceFestival-12-225x300.jpeg 225w, https:\/\/www.ltett.lu\/wp-content\/uploads\/2019\/11\/scienceFestival-12-230x307.jpeg 230w, https:\/\/www.ltett.lu\/wp-content\/uploads\/2019\/11\/scienceFestival-12-350x467.jpeg 350w\" sizes=\"(max-width: 375px) 100vw, 375px\" \/><\/p>\n<p><img loading=\"lazy\" decoding=\"async\" class=\"alignnone size-full wp-image-1886\" src=\"https:\/\/webweb.ltett.lu\/wp-content\/uploads\/2019\/11\/scienceFestival-11.jpeg\" alt=\"\" width=\"375\" height=\"500\" srcset=\"https:\/\/www.ltett.lu\/wp-content\/uploads\/2019\/11\/scienceFestival-11.jpeg 375w, https:\/\/www.ltett.lu\/wp-content\/uploads\/2019\/11\/scienceFestival-11-225x300.jpeg 225w, https:\/\/www.ltett.lu\/wp-content\/uploads\/2019\/11\/scienceFestival-11-230x307.jpeg 230w, https:\/\/www.ltett.lu\/wp-content\/uploads\/2019\/11\/scienceFestival-11-350x467.jpeg 350w\" sizes=\"(max-width: 375px) 100vw, 375px\" \/><\/p>\n<p><span data-contrast=\"auto\">Freides Owes op der offizieller Ouverture huet sech och nach Kulturministesch iwwert de Projet <\/span><span data-contrast=\"auto\">Windmobile<\/span><span data-contrast=\"auto\"> inform\u00e9iert. Si krut och vum Nic an <\/span><span data-contrast=\"auto\">Edis<\/span><span data-contrast=\"auto\"> den Atelier mam Stroum V\u00eblo erkl\u00e4ert.\u00a0<\/span><span data-ccp-props=\"{}\">\u00a0<\/span><\/p>\n<p><img loading=\"lazy\" decoding=\"async\" class=\"alignnone size-full wp-image-1885\" src=\"https:\/\/webweb.ltett.lu\/wp-content\/uploads\/2019\/11\/scienceFestival-6.jpeg\" alt=\"\" width=\"640\" height=\"480\" srcset=\"https:\/\/www.ltett.lu\/wp-content\/uploads\/2019\/11\/scienceFestival-6.jpeg 640w, https:\/\/www.ltett.lu\/wp-content\/uploads\/2019\/11\/scienceFestival-6-300x225.jpeg 300w, https:\/\/www.ltett.lu\/wp-content\/uploads\/2019\/11\/scienceFestival-6-230x173.jpeg 230w, https:\/\/www.ltett.lu\/wp-content\/uploads\/2019\/11\/scienceFestival-6-350x263.jpeg 350w, https:\/\/www.ltett.lu\/wp-content\/uploads\/2019\/11\/scienceFestival-6-480x360.jpeg 480w\" sizes=\"(max-width: 640px) 100vw, 640px\" \/><\/p>\n<p><span data-contrast=\"auto\">Samschdes\u00a0an Sonndes waren och eng Rei Proffen, Sch\u00fcler\u00a0an Mataarbechter aus dem <\/span><span data-contrast=\"auto\">LTEtt<\/span><span data-contrast=\"auto\"> d\u00e9i di verschidden Atelier \u2019en geleet hunn. Mir haten d\u00e9i zwee Deeg zesummen nach emol iwwert 800 Visiteuren op eisem Stand. <\/span><\/p>\n<p><img loading=\"lazy\" decoding=\"async\" class=\"alignnone size-full wp-image-1884\" src=\"https:\/\/webweb.ltett.lu\/wp-content\/uploads\/2019\/11\/scienceFestival-5.jpeg\" alt=\"\" width=\"640\" height=\"480\" srcset=\"https:\/\/www.ltett.lu\/wp-content\/uploads\/2019\/11\/scienceFestival-5.jpeg 640w, https:\/\/www.ltett.lu\/wp-content\/uploads\/2019\/11\/scienceFestival-5-300x225.jpeg 300w, https:\/\/www.ltett.lu\/wp-content\/uploads\/2019\/11\/scienceFestival-5-230x173.jpeg 230w, https:\/\/www.ltett.lu\/wp-content\/uploads\/2019\/11\/scienceFestival-5-350x263.jpeg 350w, https:\/\/www.ltett.lu\/wp-content\/uploads\/2019\/11\/scienceFestival-5-480x360.jpeg 480w\" sizes=\"(max-width: 640px) 100vw, 640px\" \/><\/p>\n<p><span data-contrast=\"auto\">Mat de Kanner goufen am ganzen m\u00e9i w\u00e9i 600 pabeiers Wandmillen gebastelt an vill vun de Visiteuren hunn sech um Stroum V\u00eblo <\/span><span data-contrast=\"auto\">ofgestrampelt<\/span><span data-contrast=\"auto\"> oder sinn eppes iwwert d\u00e9i verschidden <\/span><span data-contrast=\"auto\">Typpen<\/span><span data-contrast=\"auto\"> vun <\/span><span data-contrast=\"auto\">Wandrieder<\/span><span data-contrast=\"auto\"> beim Wand Kanal gewuer ginn.<\/span><span data-ccp-props=\"{}\">\u00a0<\/span><\/p>\n<\/div>\n","protected":false},"excerpt":{"rendered":"<p>Windmobile\u00a0um Science Festival\u00a0 \u00a0Vum 7. November bis den 10. November 2019\u00a0huet de Projet Windmobile aus dem Lyc\u00e9e Technique vun Ettelbr\u00e9ck um Science Festival deelgeholl. Donneschdes den 7 November hunn de Will Reiter an de Guy Putz zesummen mat der Klass 1TPEE (Premi\u00e8re Techniker Klass) de Noah Massen (5G4) an Diego [&hellip;]<\/p>\n","protected":false},"author":1,"featured_media":755,"comment_status":"closed","ping_status":"closed","sticky":false,"template":"","format":"standard","meta":{"_jetpack_memberships_contains_paid_content":false,"footnotes":""},"categories":[6],"tags":[],"class_list":["post-754","post","type-post","status-publish","format-standard","has-post-thumbnail","hentry","category-news"],"jetpack_featured_media_url":"https:\/\/www.ltett.lu\/wp-content\/uploads\/2020\/11\/scienceFestival-2.jpeg","jetpack_sharing_enabled":true,"_links":{"self":[{"href":"https:\/\/www.ltett.lu\/wp-json\/wp\/v2\/posts\/754","targetHints":{"allow":["GET"]}}],"collection":[{"href":"https:\/\/www.ltett.lu\/wp-json\/wp\/v2\/posts"}],"about":[{"href":"https:\/\/www.ltett.lu\/wp-json\/wp\/v2\/types\/post"}],"author":[{"embeddable":true,"href":"https:\/\/www.ltett.lu\/wp-json\/wp\/v2\/users\/1"}],"replies":[{"embeddable":true,"href":"https:\/\/www.ltett.lu\/wp-json\/wp\/v2\/comments?post=754"}],"version-history":[{"count":3,"href":"https:\/\/www.ltett.lu\/wp-json\/wp\/v2\/posts\/754\/revisions"}],"predecessor-version":[{"id":1890,"href":"https:\/\/www.ltett.lu\/wp-json\/wp\/v2\/posts\/754\/revisions\/1890"}],"wp:featuredmedia":[{"embeddable":true,"href":"https:\/\/www.ltett.lu\/wp-json\/wp\/v2\/media\/755"}],"wp:attachment":[{"href":"https:\/\/www.ltett.lu\/wp-json\/wp\/v2\/media?parent=754"}],"wp:term":[{"taxonomy":"category","embeddable":true,"href":"https:\/\/www.ltett.lu\/wp-json\/wp\/v2\/categories?post=754"},{"taxonomy":"post_tag","embeddable":true,"href":"https:\/\/www.ltett.lu\/wp-json\/wp\/v2\/tags?post=754"}],"curies":[{"name":"wp","href":"https:\/\/api.w.org\/{rel}","templated":true}]}}