{"id":757,"date":"2019-11-15T15:14:06","date_gmt":"2019-11-15T14:14:06","guid":{"rendered":"https:\/\/webweb.ltett.lu\/?p=757"},"modified":"2021-02-25T12:38:37","modified_gmt":"2021-02-25T11:38:37","slug":"de-plooschterprojet-wor-am-ltett","status":"publish","type":"post","link":"https:\/\/www.ltett.lu\/de-plooschterprojet-wor-am-ltett\/","title":{"rendered":"De Plooschterprojet wor am LTEtt"},"content":{"rendered":"<p>Rett Liewen, g\u00ebff Stammzellespender!!<\/p>\n<p>\u00cbnnert d\u00ebsem Motto war den 22. Oktober de Plooschterprojet bei eis am Lyc\u00e9e.<\/p>\n<p>D\u2019Sch\u00fcler\u00a0souw\u00e9i d\u2018ganzt \u00a0Personal\u00a0konnten sech als\u00a0Stammzellespender\u00a0registr\u00e9iere loossen.<\/p>\n<p>129 L\u00e9it hunn Courage bewisen an sech eng\u00a0Bluttprouf ofhuele gelooss.<\/p>\n<p>&nbsp;<\/p>\n<p>Jidderee vun hinnen huet domat grousse Respekt verd\u00e9ngt.<\/p>\n<p>Mir\u00a0soen natierlech och dem ganzen Team vum Plooschterprojet\u00a0villmools Merci fir hiren onermiddlechen\u00a0Asaz am Kampf g\u00e9int d\u2019Leukemie.<\/p>\n<p><img decoding=\"async\" src=\"https:\/\/i1.wp.com\/www.ltett.lu\/wp-content\/uploads\/2019\/11\/IMG_2244-1.jpg?resize=225%2C300&amp;ssl=1\" alt=\"https:\/\/i1.wp.com\/www.ltett.lu\/wp-content\/uploads\/2019\/11\/IMG_2244-1.jpg?resize=225%2C300&amp;ssl=1\" \/><\/p>\n<p><img fetchpriority=\"high\" decoding=\"async\" class=\"alignnone size-full wp-image-1881\" src=\"https:\/\/webweb.ltett.lu\/wp-content\/uploads\/2019\/11\/Visite-Luxtram-10-2.jpg\" alt=\"\" width=\"225\" height=\"300\" \/><\/p>\n<p><img decoding=\"async\" class=\"alignnone size-full wp-image-1879\" src=\"https:\/\/webweb.ltett.lu\/wp-content\/uploads\/2019\/11\/IMG_2277-1.jpg\" alt=\"\" width=\"225\" height=\"300\" \/><\/p>\n<p><img decoding=\"async\" class=\"alignnone size-full wp-image-1880\" src=\"https:\/\/webweb.ltett.lu\/wp-content\/uploads\/2019\/11\/IMG_2279-1.jpg\" alt=\"\" width=\"225\" height=\"300\" \/><\/p>\n","protected":false},"excerpt":{"rendered":"<p>Rett Liewen, g\u00ebff Stammzellespender!! \u00cbnnert d\u00ebsem Motto war den 22. Oktober de Plooschterprojet bei eis am Lyc\u00e9e. D\u2019Sch\u00fcler\u00a0souw\u00e9i d\u2018ganzt \u00a0Personal\u00a0konnten sech als\u00a0Stammzellespender\u00a0registr\u00e9iere loossen. 129 L\u00e9it hunn Courage bewisen an sech eng\u00a0Bluttprouf ofhuele gelooss. &nbsp; Jidderee vun hinnen huet domat grousse Respekt verd\u00e9ngt. Mir\u00a0soen natierlech och dem ganzen Team vum Plooschterprojet\u00a0villmools [&hellip;]<\/p>\n","protected":false},"author":1,"featured_media":759,"comment_status":"closed","ping_status":"closed","sticky":false,"template":"","format":"standard","meta":{"_jetpack_memberships_contains_paid_content":false,"footnotes":""},"categories":[6],"tags":[],"class_list":["post-757","post","type-post","status-publish","format-standard","has-post-thumbnail","hentry","category-news"],"jetpack_featured_media_url":"https:\/\/www.ltett.lu\/wp-content\/uploads\/2020\/11\/IMG_2231.jpg","jetpack_sharing_enabled":true,"_links":{"self":[{"href":"https:\/\/www.ltett.lu\/wp-json\/wp\/v2\/posts\/757","targetHints":{"allow":["GET"]}}],"collection":[{"href":"https:\/\/www.ltett.lu\/wp-json\/wp\/v2\/posts"}],"about":[{"href":"https:\/\/www.ltett.lu\/wp-json\/wp\/v2\/types\/post"}],"author":[{"embeddable":true,"href":"https:\/\/www.ltett.lu\/wp-json\/wp\/v2\/users\/1"}],"replies":[{"embeddable":true,"href":"https:\/\/www.ltett.lu\/wp-json\/wp\/v2\/comments?post=757"}],"version-history":[{"count":2,"href":"https:\/\/www.ltett.lu\/wp-json\/wp\/v2\/posts\/757\/revisions"}],"predecessor-version":[{"id":1882,"href":"https:\/\/www.ltett.lu\/wp-json\/wp\/v2\/posts\/757\/revisions\/1882"}],"wp:featuredmedia":[{"embeddable":true,"href":"https:\/\/www.ltett.lu\/wp-json\/wp\/v2\/media\/759"}],"wp:attachment":[{"href":"https:\/\/www.ltett.lu\/wp-json\/wp\/v2\/media?parent=757"}],"wp:term":[{"taxonomy":"category","embeddable":true,"href":"https:\/\/www.ltett.lu\/wp-json\/wp\/v2\/categories?post=757"},{"taxonomy":"post_tag","embeddable":true,"href":"https:\/\/www.ltett.lu\/wp-json\/wp\/v2\/tags?post=757"}],"curies":[{"name":"wp","href":"https:\/\/api.w.org\/{rel}","templated":true}]}}