{"id":765,"date":"2019-11-28T15:31:08","date_gmt":"2019-11-28T14:31:08","guid":{"rendered":"https:\/\/webweb.ltett.lu\/?p=765"},"modified":"2021-02-15T14:45:11","modified_gmt":"2021-02-15T13:45:11","slug":"erasmus-treffen-climat-change-open-your-senses-day1-day2","status":"publish","type":"post","link":"https:\/\/www.ltett.lu\/erasmus-treffen-climat-change-open-your-senses-day1-day2\/","title":{"rendered":"Erasmus+ Treffen \u201cClimat change \u2013 open your senses\u201d (day1 &amp; day2)"},"content":{"rendered":"<p>Montag, den 18 November 2019<\/p>\n<p>Am ersten Tag wurden wir vom Projektleiter Guy Putz und vom Schulleiter Fr\u00e4nk Fries willkommen gehei\u00dfen.<\/p>\n<p>Im Anschluss pr\u00e4sentierte jedes Land sich, ihre Schule und das jeweilige Schulsystem.Nach den Pr\u00e4sentationen hatten wir Pause. Im Anschluss haben wir 5 Base groups gebildet, die aus allen teilnehmenden Gruppen bestehen. Jede Base group hatte die Aufgabe ein Logo f\u00fcr das Erasmus+ Projekt zu entwerfen.<\/p>\n<p>Im Anschluss pr\u00e4sentierte jedes Land sich, ihre Schule und das jeweilige Schulsystem.Nach den Pr\u00e4sentationen hatten wir Pause. Im Anschluss haben wir 5 Base groups gebildet, die aus allen teilnehmenden Gruppen bestehen. Jede Base group hatte die Aufgabe ein Logo f\u00fcr das Erasmus+ Projekt zu entwerfen.<\/p>\n<p><img fetchpriority=\"high\" decoding=\"async\" class=\"alignnone size-full wp-image-1855\" src=\"https:\/\/webweb.ltett.lu\/wp-content\/uploads\/2019\/11\/HTL-Hospitation-2019-2-1.jpg\" alt=\"\" width=\"768\" height=\"1024\" srcset=\"https:\/\/www.ltett.lu\/wp-content\/uploads\/2019\/11\/HTL-Hospitation-2019-2-1.jpg 768w, https:\/\/www.ltett.lu\/wp-content\/uploads\/2019\/11\/HTL-Hospitation-2019-2-1-225x300.jpg 225w, https:\/\/www.ltett.lu\/wp-content\/uploads\/2019\/11\/HTL-Hospitation-2019-2-1-230x307.jpg 230w, https:\/\/www.ltett.lu\/wp-content\/uploads\/2019\/11\/HTL-Hospitation-2019-2-1-350x467.jpg 350w, https:\/\/www.ltett.lu\/wp-content\/uploads\/2019\/11\/HTL-Hospitation-2019-2-1-480x640.jpg 480w\" sizes=\"(max-width: 768px) 100vw, 768px\" \/><\/p>\n<p>Nachdem die Entw\u00fcrfe gemacht wurden hat jede Gruppe ihr Logo vorgestellt und erkl\u00e4rt.<\/p>\n<p><img decoding=\"async\" class=\"alignnone size-full wp-image-1859\" src=\"https:\/\/webweb.ltett.lu\/wp-content\/uploads\/2019\/11\/openyoursenses-3-1.jpeg\" alt=\"\" width=\"640\" height=\"480\" srcset=\"https:\/\/www.ltett.lu\/wp-content\/uploads\/2019\/11\/openyoursenses-3-1.jpeg 640w, https:\/\/www.ltett.lu\/wp-content\/uploads\/2019\/11\/openyoursenses-3-1-300x225.jpeg 300w, https:\/\/www.ltett.lu\/wp-content\/uploads\/2019\/11\/openyoursenses-3-1-230x173.jpeg 230w, https:\/\/www.ltett.lu\/wp-content\/uploads\/2019\/11\/openyoursenses-3-1-350x263.jpeg 350w, https:\/\/www.ltett.lu\/wp-content\/uploads\/2019\/11\/openyoursenses-3-1-480x360.jpeg 480w\" sizes=\"(max-width: 640px) 100vw, 640px\" \/><\/p>\n<p><img decoding=\"async\" class=\"alignnone size-full wp-image-1856\" src=\"https:\/\/webweb.ltett.lu\/wp-content\/uploads\/2019\/11\/Logos.jpg\" alt=\"\" width=\"614\" height=\"500\" srcset=\"https:\/\/www.ltett.lu\/wp-content\/uploads\/2019\/11\/Logos.jpg 614w, https:\/\/www.ltett.lu\/wp-content\/uploads\/2019\/11\/Logos-300x244.jpg 300w, https:\/\/www.ltett.lu\/wp-content\/uploads\/2019\/11\/Logos-230x187.jpg 230w, https:\/\/www.ltett.lu\/wp-content\/uploads\/2019\/11\/Logos-350x285.jpg 350w, https:\/\/www.ltett.lu\/wp-content\/uploads\/2019\/11\/Logos-480x391.jpg 480w\" sizes=\"(max-width: 614px) 100vw, 614px\" \/><\/p>\n<p>Zum Schluss haben uns die Sch\u00fcler aus Luxemburg durch das Schulgel\u00e4nde gef\u00fchrt und uns alles gezeigt. Danach gab es Abendessen in der Jugendherberge und Zeit zur freien Gestaltung.<\/p>\n<p>Dienstag, den 19 November 2019<\/p>\n<p>Am Vormittag des 19.11.2019 haben wir das, von der Deutschen Delegation vorbereitete Planspiel gespielt. Dabei handelt es sich um ein von der UN entworfenes Projekt, bei dem es darum geht, in Gruppen die Verschiedenen Interessen die in die Aktuellen Klimaverhandlungen einflie\u00dfen zu lassen, diese zu vertreten und so eine M\u00f6glichst authentische Sitzung zu simulieren.<\/p>\n<p><img loading=\"lazy\" decoding=\"async\" class=\"alignnone size-full wp-image-1860\" src=\"https:\/\/webweb.ltett.lu\/wp-content\/uploads\/2019\/11\/openyoursenses-3-2.jpeg\" alt=\"\" width=\"640\" height=\"480\" srcset=\"https:\/\/www.ltett.lu\/wp-content\/uploads\/2019\/11\/openyoursenses-3-2.jpeg 640w, https:\/\/www.ltett.lu\/wp-content\/uploads\/2019\/11\/openyoursenses-3-2-300x225.jpeg 300w, https:\/\/www.ltett.lu\/wp-content\/uploads\/2019\/11\/openyoursenses-3-2-230x173.jpeg 230w, https:\/\/www.ltett.lu\/wp-content\/uploads\/2019\/11\/openyoursenses-3-2-350x263.jpeg 350w, https:\/\/www.ltett.lu\/wp-content\/uploads\/2019\/11\/openyoursenses-3-2-480x360.jpeg 480w\" sizes=\"(max-width: 640px) 100vw, 640px\" \/><\/p>\n<p><img loading=\"lazy\" decoding=\"async\" class=\"alignnone size-full wp-image-1861\" src=\"https:\/\/webweb.ltett.lu\/wp-content\/uploads\/2019\/11\/openyoursenses-4-2.jpeg\" alt=\"\" width=\"640\" height=\"480\" srcset=\"https:\/\/www.ltett.lu\/wp-content\/uploads\/2019\/11\/openyoursenses-4-2.jpeg 640w, https:\/\/www.ltett.lu\/wp-content\/uploads\/2019\/11\/openyoursenses-4-2-300x225.jpeg 300w, https:\/\/www.ltett.lu\/wp-content\/uploads\/2019\/11\/openyoursenses-4-2-230x173.jpeg 230w, https:\/\/www.ltett.lu\/wp-content\/uploads\/2019\/11\/openyoursenses-4-2-350x263.jpeg 350w, https:\/\/www.ltett.lu\/wp-content\/uploads\/2019\/11\/openyoursenses-4-2-480x360.jpeg 480w\" sizes=\"(max-width: 640px) 100vw, 640px\" \/><\/p>\n<p>Das Spiel hat allen sehr viel Spa\u00df gemacht und es wurde sehr angeregt diskutiert. Leider haben wir die tats\u00e4chlich in Paris vereinbarte maximale Erh\u00f6hung von 1,5-2 Grad Celsius mit<span class=\"Apple-converted-space\">\u00a0 <\/span>einem Endergebnis von 2,1 Grad knapp verfehlt, was uns nochmal veranschaulicht hat, dass wir auch heute schon sehr schnell starke Ma\u00dfnahmen ergreifen m\u00fcssen, um die Ziele zu erreichen.<\/p>\n<p>&nbsp;<\/p>\n<div class=\"gdl-page-item mb0 pb20 gdl-blog-full eight columns\">\n<div class=\"blog-content-wrapper\">\n<div class=\"clear\"><img loading=\"lazy\" decoding=\"async\" class=\"alignnone size-full wp-image-1857\" src=\"https:\/\/webweb.ltett.lu\/wp-content\/uploads\/2019\/11\/openyoursenses-1-2.jpeg\" alt=\"\" width=\"640\" height=\"480\" srcset=\"https:\/\/www.ltett.lu\/wp-content\/uploads\/2019\/11\/openyoursenses-1-2.jpeg 640w, https:\/\/www.ltett.lu\/wp-content\/uploads\/2019\/11\/openyoursenses-1-2-300x225.jpeg 300w, https:\/\/www.ltett.lu\/wp-content\/uploads\/2019\/11\/openyoursenses-1-2-230x173.jpeg 230w, https:\/\/www.ltett.lu\/wp-content\/uploads\/2019\/11\/openyoursenses-1-2-350x263.jpeg 350w, https:\/\/www.ltett.lu\/wp-content\/uploads\/2019\/11\/openyoursenses-1-2-480x360.jpeg 480w\" sizes=\"(max-width: 640px) 100vw, 640px\" \/><\/div>\n<div>\n<p>Am Nachmittag hat die \u00d6sterreichische Gruppe einen sehr lehrreichen Workshop zum Thema Trinkwasser geleitet, wobei wir sehr interessante Einblicke in die Trinkwasser Versorgung der anderen L\u00e4nder bekommen haben. Gegen Ende des Tages haben wir dann noch das Logo final besprochen und Fertiggestellt.<\/p>\n<p>&nbsp;<\/p>\n<\/div>\n<div class=\"comment-wrapper\"><img loading=\"lazy\" decoding=\"async\" class=\"alignnone size-full wp-image-1858\" src=\"https:\/\/webweb.ltett.lu\/wp-content\/uploads\/2019\/11\/openyoursenses-2-2.jpeg\" alt=\"\" width=\"500\" height=\"500\" srcset=\"https:\/\/www.ltett.lu\/wp-content\/uploads\/2019\/11\/openyoursenses-2-2.jpeg 500w, https:\/\/www.ltett.lu\/wp-content\/uploads\/2019\/11\/openyoursenses-2-2-300x300.jpeg 300w, https:\/\/www.ltett.lu\/wp-content\/uploads\/2019\/11\/openyoursenses-2-2-150x150.jpeg 150w, https:\/\/www.ltett.lu\/wp-content\/uploads\/2019\/11\/openyoursenses-2-2-230x230.jpeg 230w, https:\/\/www.ltett.lu\/wp-content\/uploads\/2019\/11\/openyoursenses-2-2-350x350.jpeg 350w, https:\/\/www.ltett.lu\/wp-content\/uploads\/2019\/11\/openyoursenses-2-2-480x480.jpeg 480w\" sizes=\"(max-width: 500px) 100vw, 500px\" \/><\/div>\n<\/div>\n<\/div>\n<div class=\"four columns mb0 gdl-left-sidebar\">\n<div class=\"gdl-sidebar-wrapper gdl-border-y right\">\n<div class=\"sidebar-wrapper\"><\/div>\n<\/div>\n<\/div>\n<div class=\"clear\"><\/div>\n<p>&nbsp;<\/p>\n<p>&nbsp;<\/p>\n<p>&nbsp;<\/p>\n<div class=\"social-shares\">\n<ul>\n<li><\/li>\n<\/ul>\n<\/div>\n<ul>\n<li><\/li>\n<li><\/li>\n<li><\/li>\n<li><\/li>\n<li><\/li>\n<li><\/li>\n<\/ul>\n<div class=\"gdl-page-left mb0 nine columns\">\n<div class=\"row\">\n<div class=\"gdl-page-item mb0 pb20 gdl-blog-full eight columns\">\n<div class=\"blog-content-wrapper\">\n<div class=\"social-shares\">\n<ul>\n<li><\/li>\n<\/ul>\n<\/div>\n<div class=\"clear\"><\/div>\n<div class=\"comment-wrapper\"><\/div>\n<\/div>\n<\/div>\n<div class=\"four columns mb0 gdl-left-sidebar\">\n<div class=\"gdl-sidebar-wrapper gdl-border-y right\">\n<div class=\"sidebar-wrapper\"><\/div>\n<\/div>\n<\/div>\n<div class=\"clear\"><\/div>\n<\/div>\n<\/div>\n<div class=\"three columns mb0 gdl-right-sidebar\">\n<div class=\"gdl-sidebar-wrapper gdl-border-y left\">\n<div class=\"sidebar-wrapper\"><\/div>\n<\/div>\n<\/div>\n<div class=\"clear\"><\/div>\n","protected":false},"excerpt":{"rendered":"<p>Montag, den 18 November 2019 Am ersten Tag wurden wir vom Projektleiter Guy Putz und vom Schulleiter Fr\u00e4nk Fries willkommen gehei\u00dfen. Im Anschluss pr\u00e4sentierte jedes Land sich, ihre Schule und das jeweilige Schulsystem.Nach den Pr\u00e4sentationen hatten wir Pause. Im Anschluss haben wir 5 Base groups gebildet, die aus allen teilnehmenden [&hellip;]<\/p>\n","protected":false},"author":1,"featured_media":766,"comment_status":"closed","ping_status":"closed","sticky":false,"template":"","format":"standard","meta":{"_jetpack_memberships_contains_paid_content":false,"footnotes":""},"categories":[6],"tags":[],"class_list":["post-765","post","type-post","status-publish","format-standard","has-post-thumbnail","hentry","category-news"],"jetpack_featured_media_url":"https:\/\/www.ltett.lu\/wp-content\/uploads\/2020\/11\/openyoursenses-2-1.jpeg","jetpack_sharing_enabled":true,"_links":{"self":[{"href":"https:\/\/www.ltett.lu\/wp-json\/wp\/v2\/posts\/765","targetHints":{"allow":["GET"]}}],"collection":[{"href":"https:\/\/www.ltett.lu\/wp-json\/wp\/v2\/posts"}],"about":[{"href":"https:\/\/www.ltett.lu\/wp-json\/wp\/v2\/types\/post"}],"author":[{"embeddable":true,"href":"https:\/\/www.ltett.lu\/wp-json\/wp\/v2\/users\/1"}],"replies":[{"embeddable":true,"href":"https:\/\/www.ltett.lu\/wp-json\/wp\/v2\/comments?post=765"}],"version-history":[{"count":3,"href":"https:\/\/www.ltett.lu\/wp-json\/wp\/v2\/posts\/765\/revisions"}],"predecessor-version":[{"id":1862,"href":"https:\/\/www.ltett.lu\/wp-json\/wp\/v2\/posts\/765\/revisions\/1862"}],"wp:featuredmedia":[{"embeddable":true,"href":"https:\/\/www.ltett.lu\/wp-json\/wp\/v2\/media\/766"}],"wp:attachment":[{"href":"https:\/\/www.ltett.lu\/wp-json\/wp\/v2\/media?parent=765"}],"wp:term":[{"taxonomy":"category","embeddable":true,"href":"https:\/\/www.ltett.lu\/wp-json\/wp\/v2\/categories?post=765"},{"taxonomy":"post_tag","embeddable":true,"href":"https:\/\/www.ltett.lu\/wp-json\/wp\/v2\/tags?post=765"}],"curies":[{"name":"wp","href":"https:\/\/api.w.org\/{rel}","templated":true}]}}