{"id":804,"date":"2019-12-14T14:43:06","date_gmt":"2019-12-14T13:43:06","guid":{"rendered":"https:\/\/webweb.ltett.lu\/?p=804"},"modified":"2021-02-25T12:36:14","modified_gmt":"2021-02-25T11:36:14","slug":"matinee-acel-studieninformatiounen-aus-eischter-hand","status":"publish","type":"post","link":"https:\/\/www.ltett.lu\/matinee-acel-studieninformatiounen-aus-eischter-hand\/","title":{"rendered":"Matin\u00e9e ACEL: Studieninformatiounen aus \u00e9ischter Hand"},"content":{"rendered":"<p>Freides, den 13. Dezember 2019 konnten eis 2i\u00e8me a 1\u00e8res Sch\u00fcler sech op eiser Matin\u00e9e ACEL iwwert M\u00e9iglechkeete fir e wiedert Studium inform\u00e9ieren. D\u2019Daachorganisatioun ACEL( Association des cercles d\u2019\u00e9tudiants luxembourgeois), zesumme mat der ANESEC (Association nationale des \u00e9tudiants en sciences \u00e9conomiques), der ALEP (Association luxembourgeoise des \u00e9tudiants en psychologie) an der LBS (L\u00ebtzebuerger BTS Studenten) huet keng M\u00e9i gescheit fir de Sch\u00fcler eng ganz\u00a0Partie M\u00e9iglechkeeten ze weisen, w\u00e9i hiert Liewen no hirem Ofschloss am LTETT k\u00e9int ausgesinn. Aus \u00e9ischter Hand hunn d\u2019Studente vun hiren\u00a0Erfarungen erzielt a Froe be\u00e4ntwert w\u00e9i: W\u00e9i finanz\u00e9ieren ech m\u00e4i Studium? W\u00e9i ges\u00e4it den Unisalldag aus? E Bachelor oder Masterstudium?<\/p>\n<p>&nbsp;<\/p>\n<p>Och zum Schluss gouf et nach eng l\u00e4nger Fro an \u00c4ntwert Sektioun, wou d\u2019Sch\u00fcler hier pers\u00e9inlech Froe konnte stellen. Insgesamt war d\u00ebsen Event eng weider Ber\u00e4icherung fir d\u2019Orientatioun vun eise Sch\u00fcler.<\/p>\n<p><img fetchpriority=\"high\" decoding=\"async\" class=\"alignnone size-full wp-image-1845\" src=\"https:\/\/webweb.ltett.lu\/wp-content\/uploads\/2019\/12\/HTL-Hospitation-2019-2-1.jpg\" alt=\"\" width=\"640\" height=\"480\" srcset=\"https:\/\/www.ltett.lu\/wp-content\/uploads\/2019\/12\/HTL-Hospitation-2019-2-1.jpg 640w, https:\/\/www.ltett.lu\/wp-content\/uploads\/2019\/12\/HTL-Hospitation-2019-2-1-300x225.jpg 300w, https:\/\/www.ltett.lu\/wp-content\/uploads\/2019\/12\/HTL-Hospitation-2019-2-1-230x173.jpg 230w, https:\/\/www.ltett.lu\/wp-content\/uploads\/2019\/12\/HTL-Hospitation-2019-2-1-350x263.jpg 350w, https:\/\/www.ltett.lu\/wp-content\/uploads\/2019\/12\/HTL-Hospitation-2019-2-1-480x360.jpg 480w\" sizes=\"(max-width: 640px) 100vw, 640px\" \/><\/p>\n","protected":false},"excerpt":{"rendered":"<p>Freides, den 13. Dezember 2019 konnten eis 2i\u00e8me a 1\u00e8res Sch\u00fcler sech op eiser Matin\u00e9e ACEL iwwert M\u00e9iglechkeete fir e wiedert Studium inform\u00e9ieren. D\u2019Daachorganisatioun ACEL( Association des cercles d\u2019\u00e9tudiants luxembourgeois), zesumme mat der ANESEC (Association nationale des \u00e9tudiants en sciences \u00e9conomiques), der ALEP (Association luxembourgeoise des \u00e9tudiants en psychologie) an [&hellip;]<\/p>\n","protected":false},"author":1,"featured_media":806,"comment_status":"closed","ping_status":"closed","sticky":false,"template":"","format":"standard","meta":{"_jetpack_memberships_contains_paid_content":false,"footnotes":""},"categories":[6],"tags":[],"class_list":["post-804","post","type-post","status-publish","format-standard","has-post-thumbnail","hentry","category-news"],"jetpack_featured_media_url":"https:\/\/www.ltett.lu\/wp-content\/uploads\/2020\/11\/IMG_3406-4.jpg","jetpack_sharing_enabled":true,"_links":{"self":[{"href":"https:\/\/www.ltett.lu\/wp-json\/wp\/v2\/posts\/804","targetHints":{"allow":["GET"]}}],"collection":[{"href":"https:\/\/www.ltett.lu\/wp-json\/wp\/v2\/posts"}],"about":[{"href":"https:\/\/www.ltett.lu\/wp-json\/wp\/v2\/types\/post"}],"author":[{"embeddable":true,"href":"https:\/\/www.ltett.lu\/wp-json\/wp\/v2\/users\/1"}],"replies":[{"embeddable":true,"href":"https:\/\/www.ltett.lu\/wp-json\/wp\/v2\/comments?post=804"}],"version-history":[{"count":2,"href":"https:\/\/www.ltett.lu\/wp-json\/wp\/v2\/posts\/804\/revisions"}],"predecessor-version":[{"id":1846,"href":"https:\/\/www.ltett.lu\/wp-json\/wp\/v2\/posts\/804\/revisions\/1846"}],"wp:featuredmedia":[{"embeddable":true,"href":"https:\/\/www.ltett.lu\/wp-json\/wp\/v2\/media\/806"}],"wp:attachment":[{"href":"https:\/\/www.ltett.lu\/wp-json\/wp\/v2\/media?parent=804"}],"wp:term":[{"taxonomy":"category","embeddable":true,"href":"https:\/\/www.ltett.lu\/wp-json\/wp\/v2\/categories?post=804"},{"taxonomy":"post_tag","embeddable":true,"href":"https:\/\/www.ltett.lu\/wp-json\/wp\/v2\/tags?post=804"}],"curies":[{"name":"wp","href":"https:\/\/api.w.org\/{rel}","templated":true}]}}