{"id":821,"date":"2019-11-21T09:28:37","date_gmt":"2019-11-21T08:28:37","guid":{"rendered":"https:\/\/webweb.ltett.lu\/?p=821"},"modified":"2021-02-25T12:38:17","modified_gmt":"2021-02-25T11:38:17","slug":"amnesty-international","status":"publish","type":"post","link":"https:\/\/www.ltett.lu\/amnesty-international\/","title":{"rendered":"Amnesty international"},"content":{"rendered":"<div><i id=\"ext-gen2279\"><img fetchpriority=\"high\" decoding=\"async\" class=\"alignnone size-full wp-image-1877\" src=\"https:\/\/webweb.ltett.lu\/wp-content\/uploads\/2019\/11\/Visite-Luxtram-10-1.jpg\" alt=\"\" width=\"300\" height=\"225\" srcset=\"https:\/\/www.ltett.lu\/wp-content\/uploads\/2019\/11\/Visite-Luxtram-10-1.jpg 300w, https:\/\/www.ltett.lu\/wp-content\/uploads\/2019\/11\/Visite-Luxtram-10-1-230x173.jpg 230w\" sizes=\"(max-width: 300px) 100vw, 300px\" \/>\u201cLes bougies Amnesty International apportent de l\u2019espoir mais aussi une aide concr\u00e8te \u00e0 toutes les personnes dans le monde dont les droits les plus fondamentaux sont bafou\u00e9s. Elles les aident \u00e0 sortir de l\u2019ombre et \u00e0 apporter la lumi\u00e8re sur ce qui leur arriv\u00e9, afin que justice leur soit rendue.\u201d<\/i><b> Amnesty International<\/b><\/div>\n<div><\/div>\n<div>Dans le cadre de la <b>Journ\u00e9e Internationale des Droits Humains<\/b>, les \u00e9l\u00e8ves ont particip\u00e9, pendant 3 jours, \u00e0 des conf\u00e9rences sur\u00a0 les \u201cDroits humains\u201d et sur les actions d\u2019Amnesty Luxembourg.<\/div>\n<p>&nbsp;<\/p>\n<p><u>Au programme:<\/u><br \/>\n\u2013 <i id=\"mcntmcntmcntext-gen1494\">Mini-Icebreaker sur la perception des droits humains<br \/>\n\u2013 Vid\u00e9o sur l\u2019histoire et l\u2019\u00e9volution des droits humains<br \/>\n\u2013 Compl\u00e9ment d\u2019informations sur les textes internationaux<br \/>\n\u2013 Jeu de groupes sur la D\u00e9claration universelle des droits de l\u2019Homme<br \/>\n\u2013 Pr\u00e9sentation de d\u00e9fenseurs des droits humains d\u2019aujourd\u2019hui<br \/>\n\u2013 Vid\u00e9o sur les violations des droits humains par les entreprises<br \/>\n\u2013 Pr\u00e9sentation d\u2019Amnesty<br \/>\n\u2013 Proposition de faire une action concr\u00e8te de solidarit\u00e9<\/i><\/p>\n<p><img decoding=\"async\" src=\"https:\/\/i2.wp.com\/www.ltett.lu\/wp-content\/uploads\/2019\/12\/IMG_20191210_090328_resized_20191212_0127293591.jpg?resize=300%2C225&amp;ssl=1\" alt=\"https:\/\/i2.wp.com\/www.ltett.lu\/wp-content\/uploads\/2019\/12\/IMG_20191210_090328_resized_20191212_0127293591.jpg?resize=300%2C225&amp;ssl=1\" \/><\/p>\n","protected":false},"excerpt":{"rendered":"<p>\u201cLes bougies Amnesty International apportent de l\u2019espoir mais aussi une aide concr\u00e8te \u00e0 toutes les personnes dans le monde dont les droits les plus fondamentaux sont bafou\u00e9s. Elles les aident \u00e0 sortir de l\u2019ombre et \u00e0 apporter la lumi\u00e8re sur ce qui leur arriv\u00e9, afin que justice leur soit rendue.\u201d [&hellip;]<\/p>\n","protected":false},"author":1,"featured_media":822,"comment_status":"closed","ping_status":"closed","sticky":false,"template":"","format":"standard","meta":{"_jetpack_memberships_contains_paid_content":false,"footnotes":""},"categories":[6],"tags":[],"class_list":["post-821","post","type-post","status-publish","format-standard","has-post-thumbnail","hentry","category-news"],"jetpack_featured_media_url":"https:\/\/www.ltett.lu\/wp-content\/uploads\/2020\/11\/IMG_20191210_084150_resized_20191212_0127288541.jpg","jetpack_sharing_enabled":true,"_links":{"self":[{"href":"https:\/\/www.ltett.lu\/wp-json\/wp\/v2\/posts\/821","targetHints":{"allow":["GET"]}}],"collection":[{"href":"https:\/\/www.ltett.lu\/wp-json\/wp\/v2\/posts"}],"about":[{"href":"https:\/\/www.ltett.lu\/wp-json\/wp\/v2\/types\/post"}],"author":[{"embeddable":true,"href":"https:\/\/www.ltett.lu\/wp-json\/wp\/v2\/users\/1"}],"replies":[{"embeddable":true,"href":"https:\/\/www.ltett.lu\/wp-json\/wp\/v2\/comments?post=821"}],"version-history":[{"count":2,"href":"https:\/\/www.ltett.lu\/wp-json\/wp\/v2\/posts\/821\/revisions"}],"predecessor-version":[{"id":1878,"href":"https:\/\/www.ltett.lu\/wp-json\/wp\/v2\/posts\/821\/revisions\/1878"}],"wp:featuredmedia":[{"embeddable":true,"href":"https:\/\/www.ltett.lu\/wp-json\/wp\/v2\/media\/822"}],"wp:attachment":[{"href":"https:\/\/www.ltett.lu\/wp-json\/wp\/v2\/media?parent=821"}],"wp:term":[{"taxonomy":"category","embeddable":true,"href":"https:\/\/www.ltett.lu\/wp-json\/wp\/v2\/categories?post=821"},{"taxonomy":"post_tag","embeddable":true,"href":"https:\/\/www.ltett.lu\/wp-json\/wp\/v2\/tags?post=821"}],"curies":[{"name":"wp","href":"https:\/\/api.w.org\/{rel}","templated":true}]}}